{"id":19739,"date":"2025-09-02T05:34:14","date_gmt":"2025-09-02T05:34:14","guid":{"rendered":"https:\/\/www.europesays.com\/se\/19739\/"},"modified":"2025-09-02T05:34:14","modified_gmt":"2025-09-02T05:34:14","slug":"labubu-och-svansar-ett-vaxande-problem","status":"publish","type":"post","link":"https:\/\/www.europesays.com\/se\/19739\/","title":{"rendered":"Labubu och svansar ett v\u00e4xande problem"},"content":{"rendered":"<p>Publicerad 2 sep 2025 kl 05.53Uppdaterad kl 06.01<\/p>\n<p>Labubus och svansar har blivit ett v\u00e4xande problem p\u00e5 en skola i Stockholm.<\/p>\n<p>Nu uppmanar rektorn f\u00f6r\u00e4ldrar att inte l\u00e5ta sina barn ta med f\u00f6rem\u00e5len till skolan, eftersom de skapar hierarkier och grupperingar bland eleverna, rapporterar<a href=\"https:\/\/www.svt.se\/nyheter\/lokalt\/stockholm\/rektorns-uppmaning-ta-inte-med-labubus-och-svansar-till-skolan\" rel=\"nofollow noopener\" target=\"_blank\"> SVT Nyheter Stockholm<\/a>.<\/p>\n<p>Senaste nyhetsklippen fr\u00e5n Expressen.<img   alt=\"\"\/><\/p>\n<p>Det monsterliknande gosedjuret Labubu fr\u00e5n kinesiska Pop Mart har blivit popul\u00e4r.<\/p>\n<p>Foto: Anthony Behar \/ SipaUSA \/ TT NYHETSBYR\u00c5N<\/p>\n<p>\u00d6ppna bild i helsk\u00e4rm<img loading=\"lazy\"   alt=\"\"\/><\/p>\n<p>En skola i Stockholm uppmanar f\u00f6r\u00e4ldrar att inte l\u00e5ta sina barn ta med Labubus och svansar till skolan.<\/p>\n<p>Foto: rCFOTO \/ FANG DONGXU \/ EPA \/ TT \/ STELLA PICTURES\/metDDP IMAGES DDP<\/p>\n<p>\u00d6ppna bild i helsk\u00e4rm<\/p>\n<p>De sm\u00e5 monsterliknande gosedjuren Labubus <a href=\"https:\/\/www.expressen.se\/nyheter\/varlden\/labubu-monsterfiguren-som-erovrar-varlden\" rel=\"nofollow noopener\" target=\"_blank\">har blivit en global trend<\/a> och skapat l\u00e5nga k\u00f6er till aff\u00e4rer v\u00e4rlden \u00f6ver.<\/p>\n<p>Men p\u00e5 Midsommarkransens skola, en F\u20139-skola i s\u00f6dra Stockholm, har de utvecklats till ett problem bland framf\u00f6r allt de yngre eleverna.<\/p>\n<p>Enligt SVT Nyheter Stockholm skickade rektorn i f\u00f6rra veckan ut ett mejl till f\u00f6r\u00e4ldrar d\u00e4r man skriver att Labubus tillsammans med svansar som barnen b\u00e4r blivit statussymboler som bidrar till \u201dmakthierarkier och klubbar d\u00e4r bara den med svans f\u00e5r vara med\u201d.<\/p>\n<p>Uppmaningen till f\u00f6r\u00e4ldrarna<\/p>\n<p>\u201dDetta skapar utanf\u00f6rskap, grupperingar och konflikter\u201d, st\u00e5r det i mejlet.<\/p>\n<p>I mejlet uppmanas v\u00e5rdnadshavarna att inte l\u00e5ta sina barn ta med f\u00f6rem\u00e5len till skolan f\u00f6rutom i undantagsfall.<\/p>\n<p>\u201dOm ert barn identifierar sig som therian ber vi att ni begr\u00e4nsar det till en svans och att dessa inte \u00e4r n\u00e5got man delar ut som intr\u00e4desbiljett till lek eller klubbar\u201d, skriver rektorn.<\/p>\n<p>En therian \u00e4r en person som identifierar sig med ett eller flera specifika djur. Subkulturen har vuxit de senaste \u00e5ren, ofta via sociala medier, och kan inkludera symboler som svansar eller andra accessoarer f\u00f6r att uttrycka sin identitet.<\/p>\n<p>Expressen har s\u00f6kt bitr\u00e4dande rektor Lena Tigerschi\u00f6ld. F\u00f6r SVT bekr\u00e4ftar hon att det \u00e4r hon som har undertecknat mejlet, men avb\u00f6jer intervju.<\/p>\n<p><strong>L\u00c4S MER: <\/strong><a href=\"https:\/\/www.expressen.se\/nyheter\/varlden\/labubu-monsterfiguren-som-erovrar-varlden\/\" class=\"\" rel=\"nofollow noopener\" target=\"_blank\">Labubu \u2013 monsterfiguren som er\u00f6vrar v\u00e4rlden<\/a><\/p>\n","protected":false},"excerpt":{"rendered":"Publicerad 2 sep 2025 kl 05.53Uppdaterad kl 06.01 Labubus och svansar har blivit ett v\u00e4xande problem p\u00e5 en&hellip;\n","protected":false},"author":2,"featured_media":19740,"comment_status":"","ping_status":"","sticky":false,"template":"","format":"standard","meta":{"footnotes":""},"categories":[5],"tags":[22,23,26,27,17,21,24,25,28,29,15,16,18,34,154,31,33,32,30,19,652,20],"class_list":{"0":"post-19739","1":"post","2":"type-post","3":"status-publish","4":"format-standard","5":"has-post-thumbnail","7":"category-rubriker","8":"tag-breaking-news","9":"tag-breakingnews","10":"tag-featured-news","11":"tag-featurednews","12":"tag-headlines","13":"tag-huvudnyheter","14":"tag-latest-news","15":"tag-latestnews","16":"tag-main-news","17":"tag-mainnews","18":"tag-news","19":"tag-nyheter","20":"tag-rubriker","21":"tag-se","22":"tag-sections-sverige","23":"tag-svenska","24":"tag-sverige","25":"tag-sweden","26":"tag-swedish","27":"tag-top-stories","28":"tag-topic-skola-utbildning","29":"tag-topstories"},"share_on_mastodon":{"url":"","error":""},"_links":{"self":[{"href":"https:\/\/www.europesays.com\/se\/wp-json\/wp\/v2\/posts\/19739","targetHints":{"allow":["GET"]}}],"collection":[{"href":"https:\/\/www.europesays.com\/se\/wp-json\/wp\/v2\/posts"}],"about":[{"href":"https:\/\/www.europesays.com\/se\/wp-json\/wp\/v2\/types\/post"}],"author":[{"embeddable":true,"href":"https:\/\/www.europesays.com\/se\/wp-json\/wp\/v2\/users\/2"}],"replies":[{"embeddable":true,"href":"https:\/\/www.europesays.com\/se\/wp-json\/wp\/v2\/comments?post=19739"}],"version-history":[{"count":0,"href":"https:\/\/www.europesays.com\/se\/wp-json\/wp\/v2\/posts\/19739\/revisions"}],"wp:featuredmedia":[{"embeddable":true,"href":"https:\/\/www.europesays.com\/se\/wp-json\/wp\/v2\/media\/19740"}],"wp:attachment":[{"href":"https:\/\/www.europesays.com\/se\/wp-json\/wp\/v2\/media?parent=19739"}],"wp:term":[{"taxonomy":"category","embeddable":true,"href":"https:\/\/www.europesays.com\/se\/wp-json\/wp\/v2\/categories?post=19739"},{"taxonomy":"post_tag","embeddable":true,"href":"https:\/\/www.europesays.com\/se\/wp-json\/wp\/v2\/tags?post=19739"}],"curies":[{"name":"wp","href":"https:\/\/api.w.org\/{rel}","templated":true}]}}