{"id":19771,"date":"2025-09-02T07:21:07","date_gmt":"2025-09-02T07:21:07","guid":{"rendered":"https:\/\/www.europesays.com\/se\/19771\/"},"modified":"2025-09-02T07:21:07","modified_gmt":"2025-09-02T07:21:07","slug":"asa-ingrosso-ska-bli-farmor","status":"publish","type":"post","link":"https:\/\/www.europesays.com\/se\/19771\/","title":{"rendered":"\u00c5sa Ingrosso ska bli farmor"},"content":{"rendered":"<p>Publicerad 2 sep 2025 kl 08.42Uppdaterad kl 09.09<\/p>\n<p>Ingrosso-klanen v\u00e4xer.<\/p>\n<p>P\u00e5 Instagram ber\u00e4ttar restaurangentrepren\u00f6ren \u00c5sa Ingrosso att hon ska bli farmor.\u00a0<\/p>\n<p><img loading=\"lazy\"   alt=\"\"\/><\/p>\n<p>\u00c5sa och Emilio Ingrosso.<\/p>\n<p>Foto: OLLE SPORRONG<\/p>\n<p>\u00d6ppna bild i helsk\u00e4rm<img loading=\"lazy\"   alt=\"\"\/><\/p>\n<p>\u00c5sa ska bli farmor.<\/p>\n<p>Foto: OLLE SPORRONG<\/p>\n<p>\u00d6ppna bild i helsk\u00e4rm<\/p>\n<p>\u201dMitt hj\u00e4rta har n\u00e4stan spruckit av att h\u00e5lla p\u00e5 den h\u00e4r hemligheten\u201d, skriver hon p\u00e5 Instagram.\u00a0<\/p>\n<p>\u00c5sa Ingrosso, 50, \u00e4r gift med <a href=\"https:\/\/www.expressen.se\/tagg\/person\/emilio-ingrosso\/\" class=\"\" rel=\"nofollow noopener\" target=\"_blank\">Emilio Ingrosso<\/a>, 60, och har fr\u00e5n ett tidigare f\u00f6rh\u00e5llande barnen Anton Bj\u00f6rling, 29, och Lina Bj\u00f6rling, 27.\u00a0<\/p>\n<p>Nu \u00e4r det sonen som ska bli f\u00f6r\u00e4lder.\u00a0<\/p>\n<p>\u201dNu v\u00e4ntar det st\u00f6rsta \u00e4ventyret av alla. Sm\u00e5 h\u00e4nder, sm\u00e5 f\u00f6tter och en k\u00e4rlek som redan k\u00e4nns o\u00e4ndlig\u201d, skriver \u00c5sa Ingrosso p\u00e5 Instagram.\u00a0<\/p>\n<p><a href=\"https:\/\/www.instagram.com\/p\/DOEQCiYiCV1\/?utm_source=ig_embed&amp;utm_campaign=loading\" data-provider=\"instagram\" class=\"js-social-embed\" rel=\"nofollow noopener\" target=\"_blank\">https:\/\/www.instagram.com\/p\/DOEQCiYiCV1\/?utm_source=ig_embed&amp;utm_campaign=loading<\/a><script async src=\"\/\/www.instagram.com\/embed.js\"><\/script><\/p>\n","protected":false},"excerpt":{"rendered":"Publicerad 2 sep 2025 kl 08.42Uppdaterad kl 09.09 Ingrosso-klanen v\u00e4xer. P\u00e5 Instagram ber\u00e4ttar restaurangentrepren\u00f6ren \u00c5sa Ingrosso att hon&hellip;\n","protected":false},"author":2,"featured_media":19772,"comment_status":"","ping_status":"","sticky":false,"template":"","format":"standard","meta":{"footnotes":""},"categories":[67],"tags":[104,2489,2490,34,31,33,32,30,105],"class_list":{"0":"post-19771","1":"post","2":"type-post","3":"status-publish","4":"format-standard","5":"has-post-thumbnail","7":"category-underhallning","8":"tag-entertainment","9":"tag-person-asa-ingrosso","10":"tag-person-emilio-ingrosso","11":"tag-se","12":"tag-svenska","13":"tag-sverige","14":"tag-sweden","15":"tag-swedish","16":"tag-underhallning"},"share_on_mastodon":{"url":"","error":""},"_links":{"self":[{"href":"https:\/\/www.europesays.com\/se\/wp-json\/wp\/v2\/posts\/19771","targetHints":{"allow":["GET"]}}],"collection":[{"href":"https:\/\/www.europesays.com\/se\/wp-json\/wp\/v2\/posts"}],"about":[{"href":"https:\/\/www.europesays.com\/se\/wp-json\/wp\/v2\/types\/post"}],"author":[{"embeddable":true,"href":"https:\/\/www.europesays.com\/se\/wp-json\/wp\/v2\/users\/2"}],"replies":[{"embeddable":true,"href":"https:\/\/www.europesays.com\/se\/wp-json\/wp\/v2\/comments?post=19771"}],"version-history":[{"count":0,"href":"https:\/\/www.europesays.com\/se\/wp-json\/wp\/v2\/posts\/19771\/revisions"}],"wp:featuredmedia":[{"embeddable":true,"href":"https:\/\/www.europesays.com\/se\/wp-json\/wp\/v2\/media\/19772"}],"wp:attachment":[{"href":"https:\/\/www.europesays.com\/se\/wp-json\/wp\/v2\/media?parent=19771"}],"wp:term":[{"taxonomy":"category","embeddable":true,"href":"https:\/\/www.europesays.com\/se\/wp-json\/wp\/v2\/categories?post=19771"},{"taxonomy":"post_tag","embeddable":true,"href":"https:\/\/www.europesays.com\/se\/wp-json\/wp\/v2\/tags?post=19771"}],"curies":[{"name":"wp","href":"https:\/\/api.w.org\/{rel}","templated":true}]}}