{"id":19777,"date":"2025-09-02T07:34:07","date_gmt":"2025-09-02T07:34:07","guid":{"rendered":"https:\/\/www.europesays.com\/se\/19777\/"},"modified":"2025-09-02T07:34:07","modified_gmt":"2025-09-02T07:34:07","slug":"allt-farre-unga-vill-engagera-sig-i-kommunpolitiken","status":"publish","type":"post","link":"https:\/\/www.europesays.com\/se\/19777\/","title":{"rendered":"Allt f\u00e4rre unga vill engagera sig i kommunpolitiken"},"content":{"rendered":"<p>Var fj\u00e4rde kommun i Sverige saknar ledam\u00f6ter under 30 \u00e5r samtidigt som intresset f\u00f6r unga att engagera sig i lokalpolitiken minskar, rapporterar SVT Halland. <\/p>\n<p>Av dem som sitter i kommun- och regionfullm\u00e4ktige \u00e4r siffran \u00e4nnu l\u00e4gre. Bara fem procent \u00e4r under 30 medan gruppen utg\u00f6r 17 procent av den vuxna befolkningen. Samtidigt blir den \u00e4ldsta \u00e5ldersgruppen, 65-plussarna, allt mer \u00f6verrepresenterad. <\/p>\n<p>Michael Grahn, statsvetare vid Uppsala universitet, ser det som en orov\u00e4ckande trend att f\u00e4rre vill bli framtidens politiker.<\/p>\n<p>\u2013 Hela legitimiteten f\u00f6r det politiska systemet kan drabbas, s\u00e4ger han till SVT.<\/p>\n<p>Omni \u00e4r politiskt obundna och oberoende. Vi str\u00e4var efter att ge fler perspektiv p\u00e5 nyheterna. Har du fr\u00e5gor eller synpunkter kring v\u00e5r rapportering? <a href=\"https:\/\/omni.se\/allt-farre-unga-vill-engagera-sig-i-kommunpolitiken\/a\/mailto:redaktion@omni.se\" class=\"ArticleActions_contactLink__W2F1M\" rel=\"nofollow noopener\" target=\"_blank\">Kontakta redaktionen<\/a><\/p>\n","protected":false},"excerpt":{"rendered":"Var fj\u00e4rde kommun i Sverige saknar ledam\u00f6ter under 30 \u00e5r samtidigt som intresset f\u00f6r unga att engagera sig&hellip;\n","protected":false},"author":2,"featured_media":19778,"comment_status":"","ping_status":"","sticky":false,"template":"","format":"standard","meta":{"footnotes":""},"categories":[12],"tags":[22,23,26,27,17,21,2492,24,25,28,29,2491,15,16,369,18,34,31,33,32,30,19,20],"class_list":{"0":"post-19777","1":"post","2":"type-post","3":"status-publish","4":"format-standard","5":"has-post-thumbnail","7":"category-sverige","8":"tag-breaking-news","9":"tag-breakingnews","10":"tag-featured-news","11":"tag-featurednews","12":"tag-headlines","13":"tag-huvudnyheter","14":"tag-kommunalval","15":"tag-latest-news","16":"tag-latestnews","17":"tag-main-news","18":"tag-mainnews","19":"tag-michael-grahn","20":"tag-news","21":"tag-nyheter","22":"tag-politik","23":"tag-rubriker","24":"tag-se","25":"tag-svenska","26":"tag-sverige","27":"tag-sweden","28":"tag-swedish","29":"tag-top-stories","30":"tag-topstories"},"share_on_mastodon":{"url":"","error":""},"_links":{"self":[{"href":"https:\/\/www.europesays.com\/se\/wp-json\/wp\/v2\/posts\/19777","targetHints":{"allow":["GET"]}}],"collection":[{"href":"https:\/\/www.europesays.com\/se\/wp-json\/wp\/v2\/posts"}],"about":[{"href":"https:\/\/www.europesays.com\/se\/wp-json\/wp\/v2\/types\/post"}],"author":[{"embeddable":true,"href":"https:\/\/www.europesays.com\/se\/wp-json\/wp\/v2\/users\/2"}],"replies":[{"embeddable":true,"href":"https:\/\/www.europesays.com\/se\/wp-json\/wp\/v2\/comments?post=19777"}],"version-history":[{"count":0,"href":"https:\/\/www.europesays.com\/se\/wp-json\/wp\/v2\/posts\/19777\/revisions"}],"wp:featuredmedia":[{"embeddable":true,"href":"https:\/\/www.europesays.com\/se\/wp-json\/wp\/v2\/media\/19778"}],"wp:attachment":[{"href":"https:\/\/www.europesays.com\/se\/wp-json\/wp\/v2\/media?parent=19777"}],"wp:term":[{"taxonomy":"category","embeddable":true,"href":"https:\/\/www.europesays.com\/se\/wp-json\/wp\/v2\/categories?post=19777"},{"taxonomy":"post_tag","embeddable":true,"href":"https:\/\/www.europesays.com\/se\/wp-json\/wp\/v2\/tags?post=19777"}],"curies":[{"name":"wp","href":"https:\/\/api.w.org\/{rel}","templated":true}]}}