{"id":198228,"date":"2026-03-23T13:32:11","date_gmt":"2026-03-23T13:32:11","guid":{"rendered":"https:\/\/www.europesays.com\/se\/198228\/"},"modified":"2026-03-23T13:32:11","modified_gmt":"2026-03-23T13:32:11","slug":"inger-edelfeldt-svarar-marianne-lindberg-de-geer-i-debatten-om-kvinnors-utseende-och-aldrande","status":"publish","type":"post","link":"https:\/\/www.europesays.com\/se\/198228\/","title":{"rendered":"Inger Edelfeldt svarar Marianne Lindberg De Geer i debatten om kvinnors utseende och \u00e5ldrande"},"content":{"rendered":"<p>Publicerad 23 mar 2026 kl 14.00<\/p>\n<p>Marianne Lindberg De Geer undrar varf\u00f6r \u00e4ldre feminister \u00e4r besatta av sitt utseende.<br \/>Inger Edelfeldt svarar med en kort replik i debatten om kvinnor och \u00e5ldrande.<\/p>\n<p><img   alt=\"\"\/><\/p>\n<p>Marianne Lindberg De Geer skrev en debattartikel om kvinnors utseende och \u00e5ldrande.<\/p>\n<p>Foto: Robin Haldert \/ TT<\/p>\n<p>\u00d6ppna bild i helsk\u00e4rm<img loading=\"lazy\"   alt=\"\"\/><\/p>\n<p>Att utseendef\u00e4llan existerar \u00e4r l\u00e4tt att inse, skriver Inger Edelfeldt.<\/p>\n<p>Foto: Lars Werdelin \/ Norstedts<\/p>\n<p>\u00d6ppna bild i helsk\u00e4rm<\/p>\n<p><strong>KULTURDEBATT. <\/strong>Ja, <strong>Marianne<\/strong>, det h\u00e4r med utseende och \u00e5ldrande \u00e4r en problematik som kan g\u00e5 djupt i m\u00e5ngen m\u00e4nniska. S\u00e4rskilt n\u00e4r livsh\u00e4ndelser g\u00f6r henne s\u00e5rbar. Och min intention med min roman var bland annat att f\u00f6rs\u00f6ka \u00e5sk\u00e5dligg\u00f6ra hur det kan se ut inuti en person (Laura i boken [<a href=\"https:\/\/www.expressen.se\/kultur\/bocker\/hon-narmar-sig-70-sjalvhatet-bara-okar\/\" rel=\"nofollow noopener\" target=\"_blank\">\u201dSk\u00f6nheten\u201d<\/a>, reds anm]) som hamnar i problematiken.\u00a0<\/p>\n<p>Att problematiken existerar \u00e4r l\u00e4tt att inse. F\u00f6ryngrande filter l\u00e4ggs p\u00e5 ansikten i allt fler sammanhang. Och s\u00e4ljs det inte f\u00f6ryngringskr\u00e4mer f\u00f6r miljonbelopp? Det sorgliga h\u00e4r \u00e4r att jag tror att du, Marianne, och jag delvis har samma \u00e4rende: vi vill peka p\u00e5 f\u00e4llan och varna f\u00f6r den.\u00a0<\/p>\n<blockquote><p>Den handlar dessutom om r\u00e4tt mycket mer \u00e4n \u00e5ldersnoja och utseendefixering.<\/p><\/blockquote>\n<p>Det finns olika s\u00e4tt att g\u00f6ra det p\u00e5; jag skrev en roman. Det \u00e4r just en roman. I den har jag f\u00f6rs\u00f6kt ta ett samlat grepp p\u00e5 en (tydligen) het potatis och \u00e4ven se djupare p\u00e5 varf\u00f6r den \u00e4r het. Jag gestaltar och belyser en existentiell problematik. Mitt eget utseende och \u00e5lder vill jag i intervjuer prata s\u00e5 lite som m\u00f6jligt om (inte alltid l\u00e4tt att f\u00e5 slippa!) eftersom det drar uppm\u00e4rksamheten fr\u00e5n den st\u00f6rre bilden och analysen. D\u00e4rf\u00f6r g\u00f6r det mig f\u00f6rst\u00e5s sorgsen n\u00e4r en v\u00e4lk\u00e4nd och av m\u00e5nga \u00e4lskad kollega storasysterligt l\u00e4xar upp mig och h\u00e4vdar att jag \u00e4r en omogen \u00e4ldre snygging som bara vill beklaga mig \u00f6ver mitt eget \u00e5ldrande.\u00a0<\/p>\n<p>Hoppas \u00e4nd\u00e5 att folk blir nyfikna, l\u00e4ser romanen och bildar sig egna uppfattningar. Den handlar dessutom om r\u00e4tt mycket mer \u00e4n \u00e5ldersnoja och utseendefixering. Men vad g\u00e4ller utseendef\u00e4llan s\u00e5 finns i boken till och med antydda v\u00e4gar ut ur det dilemmat; om man \u00e4r en uppm\u00e4rksam l\u00e4sare.<\/p>\n<p><strong>Av Inger Edelfeldt<\/strong><\/p>\n<p>Inger Edelfeldt \u00e4r f\u00f6rfattare.<\/p>\n<p><strong>L\u00c4S MER: <\/strong><a href=\"https:\/\/www.expressen.se\/kultur\/marianne-lindberg-de-geer\/snygga-aldre-kvinnor-ni-later-som-man\/\" class=\"\" rel=\"nofollow noopener\" target=\"_blank\">MARIANNE LINDBERG DE GEER: Snygga \u00e4ldre kvinnor \u2013 ni l\u00e5ter som m\u00e4n!<\/a><\/p>\n","protected":false},"excerpt":{"rendered":"Publicerad 23 mar 2026 kl 14.00 Marianne Lindberg De Geer undrar varf\u00f6r \u00e4ldre feminister \u00e4r besatta av sitt&hellip;\n","protected":false},"author":2,"featured_media":198229,"comment_status":"","ping_status":"","sticky":false,"template":"","format":"standard","meta":{"footnotes":"","_share_on_mastodon":"0"},"categories":[67],"tags":[104,3755,16420,12450,34,106,31,33,32,30,105],"class_list":["post-198228","post","type-post","status-publish","format-standard","has-post-thumbnail","category-underhallning","tag-entertainment","tag-organization-expressen-kultur","tag-person-inger-edelfeldt","tag-person-marianne-lindberg-de-geer","tag-se","tag-sections-ide","tag-svenska","tag-sverige","tag-sweden","tag-swedish","tag-underhallning"],"share_on_mastodon":{"url":"https:\/\/pubeurope.com\/@se\/116278745204956682","error":""},"_links":{"self":[{"href":"https:\/\/www.europesays.com\/se\/wp-json\/wp\/v2\/posts\/198228","targetHints":{"allow":["GET"]}}],"collection":[{"href":"https:\/\/www.europesays.com\/se\/wp-json\/wp\/v2\/posts"}],"about":[{"href":"https:\/\/www.europesays.com\/se\/wp-json\/wp\/v2\/types\/post"}],"author":[{"embeddable":true,"href":"https:\/\/www.europesays.com\/se\/wp-json\/wp\/v2\/users\/2"}],"replies":[{"embeddable":true,"href":"https:\/\/www.europesays.com\/se\/wp-json\/wp\/v2\/comments?post=198228"}],"version-history":[{"count":0,"href":"https:\/\/www.europesays.com\/se\/wp-json\/wp\/v2\/posts\/198228\/revisions"}],"wp:featuredmedia":[{"embeddable":true,"href":"https:\/\/www.europesays.com\/se\/wp-json\/wp\/v2\/media\/198229"}],"wp:attachment":[{"href":"https:\/\/www.europesays.com\/se\/wp-json\/wp\/v2\/media?parent=198228"}],"wp:term":[{"taxonomy":"category","embeddable":true,"href":"https:\/\/www.europesays.com\/se\/wp-json\/wp\/v2\/categories?post=198228"},{"taxonomy":"post_tag","embeddable":true,"href":"https:\/\/www.europesays.com\/se\/wp-json\/wp\/v2\/tags?post=198228"}],"curies":[{"name":"wp","href":"https:\/\/api.w.org\/{rel}","templated":true}]}}