{"id":198311,"date":"2026-03-23T15:19:18","date_gmt":"2026-03-23T15:19:18","guid":{"rendered":"https:\/\/www.europesays.com\/se\/198311\/"},"modified":"2026-03-23T15:19:18","modified_gmt":"2026-03-23T15:19:18","slug":"ett-rum-som-aldrig-riktigt-tystnar-och-varfor-casino-liknar-stadens-nattliv","status":"publish","type":"post","link":"https:\/\/www.europesays.com\/se\/198311\/","title":{"rendered":"Ett rum som aldrig riktigt tystnar och varf\u00f6r casino liknar stadens nattliv"},"content":{"rendered":"<p>Det \u00e4r strax efter midnatt. Utanf\u00f6r ligger gatan halvtom, men innanf\u00f6r v\u00e4ggarna forts\u00e4tter tempot. Ljuset \u00e4r d\u00e4mpat men konstant, r\u00f6relserna sm\u00e5 men \u00e5terkommande. Det \u00e4r en milj\u00f6 som saknar dansgolv, men som \u00e4nd\u00e5 b\u00e4r p\u00e5 n\u00e5got bekant f\u00f6r den som r\u00f6r sig i stadens nattliv.<\/p>\n<p style=\"margin-top:0.25em; margin-bottom:0.25em\">Flera kulturanalytiker har p\u00e5 senare \u00e5r pekat p\u00e5 hur gr\u00e4nserna mellan olika urbana rum h\u00e5ller p\u00e5 att suddas ut. I samtal om samtidens n\u00f6jesmilj\u00f6er dyker ibland referenser upp till digitala och fysiska spelrum \u2013 d\u00e4r namn som\u00a0<a href=\"https:\/\/betiniacasino.se\/\" rel=\"nofollow noopener\" target=\"_blank\">Casino Betinia<\/a>\u00a0n\u00e4mns i f\u00f6rbifarten, inte som destinationer i sig, utan som exempel p\u00e5 hur rytm, ljus och r\u00f6relsem\u00f6nster formar upplevelsen.<\/p>\n<p style=\"margin-top:0.25em; margin-bottom:0.25em\">Det \u00e4r inte aktiviteten som st\u00e5r i centrum, utan atmosf\u00e4ren.<\/p>\n<p>\tEtt casino utan tydlig scen<\/p>\n<p style=\"margin-top:0.25em; margin-bottom:0.25em\">Till skillnad fr\u00e5n klassiska klubbar, d\u00e4r allt kretsar kring ett dansgolv eller en scen, saknar m\u00e5nga spelmilj\u00f6er en given mittpunkt. I st\u00e4llet f\u00f6rdelas uppm\u00e4rksamheten \u00f6ver flera ytor.<\/p>\n<p style=\"margin-top:0.25em; margin-bottom:0.25em\">Det f\u00f6r\u00e4ndrar hur m\u00e4nniskor r\u00f6r sig i rummet. I st\u00e4llet f\u00f6r att samlas p\u00e5 ett st\u00e4lle uppst\u00e5r flera mindre fl\u00f6den. N\u00e5gon sitter stilla l\u00e4nge, n\u00e5gon annan r\u00f6r sig korta str\u00e4ckor, stannar, forts\u00e4tter.<\/p>\n<p style=\"margin-top:0.25em; margin-bottom:0.25em\">\u2013 Det \u00e4r en annan typ av koreografi, s\u00e4ger en arkitekt med erfarenhet av att utforma offentliga milj\u00f6er. Det finns inget centrum som drar alla \u00e5t samma h\u00e5ll. I st\u00e4llet formas r\u00f6relsen av individuella beslut.<\/p>\n<p>\tLjudbilden som styr rytmen<\/p>\n<p style=\"margin-top:0.25em; margin-bottom:0.25em\">En tydlig skillnad mot traditionellt nattliv \u00e4r ljudbilden. D\u00e4r klubbar bygger p\u00e5 musikens linj\u00e4ra tempo \u2013 vers, refr\u00e4ng, drop \u2013 arbetar spelmilj\u00f6er med kortare ljudsekvenser.<\/p>\n<p style=\"margin-top:0.25em; margin-bottom:0.25em\">Det handlar om klick, signaler, korta melodiska fragment som upprepas med variation. Tillsammans skapar de en rytm som inte \u00e4r p\u00e5tr\u00e4ngande, men som \u00e4nd\u00e5 s\u00e4tter en ton.<\/p>\n<p style=\"margin-top:0.25em; margin-bottom:0.25em\">\u2013 Det \u00e4r mer som ett ljudlandskap \u00e4n en l\u00e5t, f\u00f6rklarar en ljuddesigner som arbetat med interaktiva milj\u00f6er. Man t\u00e4nker i lager snarare \u00e4n i en rak struktur.<\/p>\n<p style=\"margin-top:0.25em; margin-bottom:0.25em\">Resultatet blir ett fl\u00f6de d\u00e4r tempot aldrig riktigt stannar, men heller inte accelererar p\u00e5 samma s\u00e4tt som i en klubbmilj\u00f6.<\/p>\n<p>\tMellan det privata och det gemensamma<\/p>\n<p style=\"margin-top:0.25em; margin-bottom:0.25em\">En annan iakttagelse handlar om hur m\u00e4nniskor f\u00f6rh\u00e5ller sig till varandra i dessa rum. Till skillnad fr\u00e5n barer och klubbar, d\u00e4r social interaktion ofta \u00e4r central, pr\u00e4glas spelmilj\u00f6er av en mer l\u00e5gm\u00e4ld n\u00e4rvaro.<\/p>\n<p style=\"margin-top:0.25em; margin-bottom:0.25em\">M\u00e4nniskor delar samma yta, men utan att n\u00f6dv\u00e4ndigtvis interagera. Det skapar en form av gemenskap som inte bygger p\u00e5 samtal, utan p\u00e5 parallell n\u00e4rvaro.<\/p>\n<p style=\"margin-top:0.25em; margin-bottom:0.25em\">\u2013 Det \u00e4r ett slags urban ensamhet, men inte en isolerad s\u00e5dan, s\u00e4ger en sociolog som studerat offentliga rum. Man \u00e4r bland andra, men utan krav p\u00e5 kontakt.<\/p>\n<p style=\"margin-top:0.25em; margin-bottom:0.25em\">Fenomenet k\u00e4nns igen fr\u00e5n andra milj\u00f6er i storstaden \u2013 caf\u00e9er, coworkingytor, kollektivtrafik.<\/p>\n<p style=\"margin-top:0.25em; margin-bottom:0.25em\"><a href=\"https:\/\/www.europesays.com\/se\/wp-content\/uploads\/2026\/03\/pexels-photo-347696.jpeg\" target=\"_blank\"><img decoding=\"async\" src=\"https:\/\/www.europesays.com\/se\/wp-content\/uploads\/2026\/03\/pexels-photo-347696.jpeg\" style=\"display:block; height:auto; margin-top:2em; margin-bottom:2em\"\/><\/a><\/p>\n<p>\tDesign som p\u00e5verkar beteende<\/p>\n<p style=\"margin-top:0.25em; margin-bottom:0.25em\">Bakom den till synes spontana r\u00f6relsen finns en medveten design. Ljuss\u00e4ttning, avst\u00e5nd mellan olika stationer och placering av sk\u00e4rmar p\u00e5verkar hur m\u00e4nniskor orienterar sig.<\/p>\n<p style=\"margin-top:0.25em; margin-bottom:0.25em\">\u2013 Det handlar om att styra utan att det m\u00e4rks, s\u00e4ger arkitekten. Du skapar f\u00f6ruts\u00e4ttningar f\u00f6r r\u00f6relse, men l\u00e4mnar beslutet till individen.<\/p>\n<p style=\"margin-top:0.25em; margin-bottom:0.25em\">Principen \u00e4r densamma som i st\u00f6rre offentliga milj\u00f6er, som flygplatser eller k\u00f6pcentrum. Skillnaden \u00e4r skalan \u2013 h\u00e4r \u00e4r allt mer koncentrerat.<\/p>\n<p>\tEtt tempo utan toppar<\/p>\n<p style=\"margin-top:0.25em; margin-bottom:0.25em\">Det kanske mest utm\u00e4rkande \u00e4r tempot. D\u00e4r mycket av stadens nattliv bygger p\u00e5 tydliga toppar \u2013 en l\u00e5t som kulminerar, en publik som reagerar \u2013 pr\u00e4glas dessa milj\u00f6er av kontinuitet.<\/p>\n<p style=\"margin-top:0.25em; margin-bottom:0.25em\">Det finns ingen given h\u00f6jdpunkt. I st\u00e4llet r\u00f6r sig upplevelsen i ett j\u00e4mnt fl\u00f6de.<\/p>\n<p style=\"margin-top:0.25em; margin-bottom:0.25em\">\u2013 Det \u00e4r en rytm som inte kr\u00e4ver uppm\u00e4rksamhet hela tiden, s\u00e4ger ljuddesignern. Du kan kliva in och ut ur den utan att tappa sammanhanget.<\/p>\n<p>\tEtt rum i f\u00f6r\u00e4ndring<\/p>\n<p style=\"margin-top:0.25em; margin-bottom:0.25em\">Att dessa milj\u00f6er blivit vanligare \u00e4r en del av en st\u00f6rre utveckling d\u00e4r gr\u00e4nserna mellan olika typer av rum blir mindre tydliga.<\/p>\n<p style=\"margin-top:0.25em; margin-bottom:0.25em\">Klubben l\u00e5nar fr\u00e5n vardagsrummet. Arbetsplatsen l\u00e5nar fr\u00e5n caf\u00e9et. Och spelmilj\u00f6er l\u00e5nar fr\u00e5n alla tre.<\/p>\n<p style=\"margin-top:0.25em; margin-bottom:0.25em\">Det skapar platser som inte riktigt l\u00e5ter sig definieras, men som \u00e4nd\u00e5 k\u00e4nns igen.<\/p>\n<p>\tHelheten viktigare \u00e4n detaljerna<\/p>\n<p style=\"margin-top:0.25em; margin-bottom:0.25em\">Det som avg\u00f6r hur en s\u00e5dan milj\u00f6 upplevs \u00e4r inte en enskild komponent, utan samspelet mellan flera.<\/p>\n<p style=\"margin-top:0.25em; margin-bottom:0.25em\">Ljuset som aldrig blir helt m\u00f6rkt. Ljudet som aldrig helt tystnar. R\u00f6relserna som forts\u00e4tter i sm\u00e5 variationer.<\/p>\n<p style=\"margin-top:0.25em; margin-bottom:0.25em\">Tillsammans bildar de en helhet som \u00e4r sv\u00e5r att beskriva i traditionella termer \u2013 men som \u00e4nd\u00e5 k\u00e4nns intuitiv.<\/p>\n<p style=\"margin-top:0.25em; margin-bottom:0.25em\">Det \u00e4r kanske d\u00e4rf\u00f6r parallellerna till stadens nattliv uppst\u00e5r. Inte f\u00f6r att milj\u00f6erna \u00e4r lika, utan f\u00f6r att de arbetar med samma byggstenar: rytm, n\u00e4rvaro och r\u00f6relse.<\/p>\n<p style=\"margin-top:0.25em; margin-bottom:0.25em\">Och i den kombinationen uppst\u00e5r ett rum som inte kr\u00e4ver att man deltar \u2013 men som \u00e4nd\u00e5 h\u00e5ller en kvar.<\/p>\n","protected":false},"excerpt":{"rendered":"Det \u00e4r strax efter midnatt. Utanf\u00f6r ligger gatan halvtom, men innanf\u00f6r v\u00e4ggarna forts\u00e4tter tempot. Ljuset \u00e4r d\u00e4mpat men&hellip;\n","protected":false},"author":2,"featured_media":198312,"comment_status":"","ping_status":"","sticky":false,"template":"","format":"standard","meta":{"footnotes":"","_share_on_mastodon":"0"},"categories":[67],"tags":[1589,104,903,1083,1590,1591,902,1588,1082,1596,417,1592,172,1587,1593,34,1595,258,31,33,32,30,1594,105],"class_list":["post-198311","post","type-post","status-publish","format-standard","has-post-thumbnail","category-underhallning","tag-dryck","tag-entertainment","tag-film","tag-goteborg","tag-klubb","tag-konsert","tag-konst","tag-krog","tag-litteratur","tag-lund","tag-malmo","tag-mode","tag-musik","tag-nojesguiden","tag-scen","tag-se","tag-spel","tag-stockholm","tag-svenska","tag-sverige","tag-sweden","tag-swedish","tag-tv","tag-underhallning"],"share_on_mastodon":{"url":"https:\/\/pubeurope.com\/@se\/116279165874437479","error":""},"_links":{"self":[{"href":"https:\/\/www.europesays.com\/se\/wp-json\/wp\/v2\/posts\/198311","targetHints":{"allow":["GET"]}}],"collection":[{"href":"https:\/\/www.europesays.com\/se\/wp-json\/wp\/v2\/posts"}],"about":[{"href":"https:\/\/www.europesays.com\/se\/wp-json\/wp\/v2\/types\/post"}],"author":[{"embeddable":true,"href":"https:\/\/www.europesays.com\/se\/wp-json\/wp\/v2\/users\/2"}],"replies":[{"embeddable":true,"href":"https:\/\/www.europesays.com\/se\/wp-json\/wp\/v2\/comments?post=198311"}],"version-history":[{"count":0,"href":"https:\/\/www.europesays.com\/se\/wp-json\/wp\/v2\/posts\/198311\/revisions"}],"wp:featuredmedia":[{"embeddable":true,"href":"https:\/\/www.europesays.com\/se\/wp-json\/wp\/v2\/media\/198312"}],"wp:attachment":[{"href":"https:\/\/www.europesays.com\/se\/wp-json\/wp\/v2\/media?parent=198311"}],"wp:term":[{"taxonomy":"category","embeddable":true,"href":"https:\/\/www.europesays.com\/se\/wp-json\/wp\/v2\/categories?post=198311"},{"taxonomy":"post_tag","embeddable":true,"href":"https:\/\/www.europesays.com\/se\/wp-json\/wp\/v2\/tags?post=198311"}],"curies":[{"name":"wp","href":"https:\/\/api.w.org\/{rel}","templated":true}]}}