{"id":19867,"date":"2025-09-02T09:34:23","date_gmt":"2025-09-02T09:34:23","guid":{"rendered":"https:\/\/www.europesays.com\/se\/19867\/"},"modified":"2025-09-02T09:34:23","modified_gmt":"2025-09-02T09:34:23","slug":"drommen-om-tradwife-kraschar-utanfor-tiktok","status":"publish","type":"post","link":"https:\/\/www.europesays.com\/se\/19867\/","title":{"rendered":"Dr\u00f6mmen om tradwife kraschar utanf\u00f6r TikTok"},"content":{"rendered":"<p>Svenska hemmafruar m\u00f6ter idag \u201dhat\u201d och \u201df\u00e5r ta skit\u201d. Det ber\u00e4ttar Kristdemokraternas och Sverigedemokraternas ungdomsf\u00f6rbunds ordf\u00f6randen <a href=\"https:\/\/www.svd.se\/a\/kwko3L\/ungdomsforbundens-svar-for-okat-barnafodande-bra-med-mer-traditionella-konsroller\" rel=\"nofollow noopener\" target=\"_blank\">i SvD i helgen<\/a>.<\/p>\n<p>\u2013 Kvinnorna som vill leva mer traditionellt, kanske vara hemmafruar, de blir v\u00e4ldigt skambelagda i Sverige,\u00a0h\u00e4vdar\u00a0Denice Westerberg, ordf\u00f6rande i SD:s ungdomsf\u00f6rbund Ungsvenskarna.<\/p>\n<p>\u2013 Man f\u00e5r skit om man inte lever enligt den feministiska bibeln,\u00a0s\u00e4ger Louise Hammargren, ordf\u00f6rande f\u00f6r KD:s ungdomsf\u00f6rbund och exemplifierar:<\/p>\n<p>\u2013 Jag s\u00e5g en tjej p\u00e5 Tiktok som f\u00e5r s\u00e5 mycket hat f\u00f6r att hon inte jobbar, medan hennes pojkv\u00e4n tj\u00e4nar mycket pengar.<\/p>\n<blockquote class=\"wp-block-quote is-style-quotequote is-layout-flow wp-block-quote-is-layout-flow\">\n<p>Vem vill inte h\u00e4nga med sin kvinna i finansbranschen till London?<\/p>\n<\/blockquote>\n<p>Alla vill ha en man inom finans<\/p>\n<p>Trenden p\u00e5 sociala medier \u00e4r ju just att visa upp sitt soft girl- och tradwifeliv. Men tydligen finns fortfarande sura kommentarer fr\u00e5n f\u00f6ljarna. F\u00f6rra sommarens hit var till och med en parodi p\u00e5 jakten p\u00e5 en rik man: \u201dI want a man in finance\u201d av Megan Boni.<\/p>\n<p>Den h\u00e4r tradwifetrenden \u00e4r ju en otroligt attraktiv bild av livet. Vem vill inte att n\u00e5gon annan betalar f\u00f6r att jag ska ta hand om barnen (ut\u00f6ver f\u00f6rskola och skola) och dessutom hinna fixa ett v\u00e4lm\u00f6blerat hem i beiga nyanser och inplockade blommor fr\u00e5n tr\u00e4dg\u00e5rden? Vem kan \u00e4rligt s\u00e4ga \u2013 man som kvinna \u2013 att man inte dr\u00f6mt om att vara lyxhustru och f\u00f6rs\u00f6rjas av sin b\u00e4ttre h\u00e4lft? Att h\u00e4nga med sin kvinna i finansbranschen till London, skjutsa barn, och kanske passa p\u00e5 att handla i Notting Hill och g\u00e5 en sommelier-kurs p\u00e5 ledig tid. Ett otroligt dr\u00f6mmigt liv. Man fattar att det funkar p\u00e5 Tiktok. Det \u00e4r bara att gratulera alla som lyckats och som dessutom har tid att visa upp sitt liv i sociala medier.<\/p>\n<p>Tufft utanf\u00f6r TikTok<\/p>\n<p>Problemet uppst\u00e5r n\u00e4r man l\u00e4mnar Tiktok. Det \u00e4r r\u00e4tt f\u00e5 f\u00f6runnat att m\u00f6ta den d\u00e4r partnern i finansbranschen. N\u00e4r vi l\u00e4mnar dagdr\u00f6mmeriet fattar 99 procent av befolkningen att de blir lyckligare i l\u00e4ngden av att skaffa sig en utbildning och en karri\u00e4r. Att inte vara beroende av en rik partners v\u00e4lvilja f\u00f6r sin dagliga ekonomi och f\u00f6r pensionen. Vi \u00e4r v\u00e4ldigt f\u00e5 som har r\u00e5d med KDU:s och Ungsvenskarnas hemmafruideal.<\/p>\n<blockquote class=\"wp-block-quote is-style-quotequote is-layout-flow wp-block-quote-is-layout-flow\">\n<p>Det beh\u00f6vs ingen \u201dnorm\u201d eller \u201dfeministbibel\u201d f\u00f6r att f\u00f6rst\u00e5 att du inte kommer m\u00f6ta en \u201dman in finance\u201d.<\/p>\n<\/blockquote>\n<p>B\u00e5de Louise Hammargren (KDU) och Denice Westerberg (Ungsvenskarna) har f\u00f6rst\u00e5s r\u00e4tt i att utbildning, karri\u00e4r, att hitta en bostad, ofta l\u00e4gger sig i v\u00e4gen f\u00f6r barn. Men att kvinnor skulle jaga rika m\u00e4n ist\u00e4llet f\u00f6r att samh\u00e4llet underl\u00e4ttar karri\u00e4rm\u00f6jligheter och barn samtidigt, det vet vi vart det leder \u2013 det \u00e4r bara att titta n\u00e5got sekel tillbaka i tiden. D\u00e5 kvinnors livsuppgift var att vara \u201dattraktiva\u201d.\u00a0Faktum \u00e4r att \u00e4nnu idag uppger bara <a href=\"https:\/\/mb.cision.com\/Main\/67\/4150439\/3466461.pdf\" rel=\"nofollow noopener\" target=\"_blank\">var tredje kvinna att de klarar sig ekonomiskt<\/a> utan sin partner vid arbetsl\u00f6shet eller sjukskrivning. Drygt h\u00e4lften uppger att de skulle klara sig p\u00e5 sin egen l\u00f6n om de skulle separera eller skilja sig. Och l\u00f6neskillnaderna mellan kvinnor och m\u00e4n har \u00e5ter <a href=\"https:\/\/www.arbetsvarlden.se\/efter-flera-ars-narmande-nu-okar-lonegapet-mellan-kvinnor-och-man\/\" rel=\"nofollow noopener\" target=\"_blank\">b\u00f6rjat \u00f6ka<\/a>.<\/p>\n<p>Det beh\u00f6vs ingen \u201dnorm\u201d eller \u201dfeministbibel\u201d f\u00f6r att f\u00f6rst\u00e5 att du inte kommer m\u00f6ta en \u201dman in finance\u201d. Bara lite privatekonomiskt f\u00f6rnuft \u2013 och att vi loggar ut fr\u00e5n Tiktoks dr\u00f6mv\u00e4rld.<\/p>\n","protected":false},"excerpt":{"rendered":"Svenska hemmafruar m\u00f6ter idag \u201dhat\u201d och \u201df\u00e5r ta skit\u201d. Det ber\u00e4ttar Kristdemokraternas och Sverigedemokraternas ungdomsf\u00f6rbunds ordf\u00f6randen i SvD&hellip;\n","protected":false},"author":2,"featured_media":19868,"comment_status":"","ping_status":"","sticky":false,"template":"","format":"standard","meta":{"footnotes":""},"categories":[12],"tags":[22,23,26,27,17,21,2288,2502,24,25,28,29,15,16,18,34,31,33,32,30,19,20,2503],"class_list":{"0":"post-19867","1":"post","2":"type-post","3":"status-publish","4":"format-standard","5":"has-post-thumbnail","7":"category-sverige","8":"tag-breaking-news","9":"tag-breakingnews","10":"tag-featured-news","11":"tag-featurednews","12":"tag-headlines","13":"tag-huvudnyheter","14":"tag-jamstalldhet","15":"tag-kdu","16":"tag-latest-news","17":"tag-latestnews","18":"tag-main-news","19":"tag-mainnews","20":"tag-news","21":"tag-nyheter","22":"tag-rubriker","23":"tag-se","24":"tag-svenska","25":"tag-sverige","26":"tag-sweden","27":"tag-swedish","28":"tag-top-stories","29":"tag-topstories","30":"tag-ungsvenskarna"},"share_on_mastodon":{"url":"","error":""},"_links":{"self":[{"href":"https:\/\/www.europesays.com\/se\/wp-json\/wp\/v2\/posts\/19867","targetHints":{"allow":["GET"]}}],"collection":[{"href":"https:\/\/www.europesays.com\/se\/wp-json\/wp\/v2\/posts"}],"about":[{"href":"https:\/\/www.europesays.com\/se\/wp-json\/wp\/v2\/types\/post"}],"author":[{"embeddable":true,"href":"https:\/\/www.europesays.com\/se\/wp-json\/wp\/v2\/users\/2"}],"replies":[{"embeddable":true,"href":"https:\/\/www.europesays.com\/se\/wp-json\/wp\/v2\/comments?post=19867"}],"version-history":[{"count":0,"href":"https:\/\/www.europesays.com\/se\/wp-json\/wp\/v2\/posts\/19867\/revisions"}],"wp:featuredmedia":[{"embeddable":true,"href":"https:\/\/www.europesays.com\/se\/wp-json\/wp\/v2\/media\/19868"}],"wp:attachment":[{"href":"https:\/\/www.europesays.com\/se\/wp-json\/wp\/v2\/media?parent=19867"}],"wp:term":[{"taxonomy":"category","embeddable":true,"href":"https:\/\/www.europesays.com\/se\/wp-json\/wp\/v2\/categories?post=19867"},{"taxonomy":"post_tag","embeddable":true,"href":"https:\/\/www.europesays.com\/se\/wp-json\/wp\/v2\/tags?post=19867"}],"curies":[{"name":"wp","href":"https:\/\/api.w.org\/{rel}","templated":true}]}}