{"id":19889,"date":"2025-09-02T09:51:09","date_gmt":"2025-09-02T09:51:09","guid":{"rendered":"https:\/\/www.europesays.com\/se\/19889\/"},"modified":"2025-09-02T09:51:09","modified_gmt":"2025-09-02T09:51:09","slug":"kina-spanner-musklerna-med-parad-framhaver-sovjet-tonar-ner-usa","status":"publish","type":"post","link":"https:\/\/www.europesays.com\/se\/19889\/","title":{"rendered":"Kina sp\u00e4nner musklerna med parad \u2013 framh\u00e4ver Sovjet, tonar ner USA"},"content":{"rendered":"<p>Kina markerar 80-\u00e5rsdagen av Japans kapitulation i andra v\u00e4rldskriget med en pampig milit\u00e4rparad i Peking under morgondagen. F\u00f6rutom att Rysslands Vladimir Putin \u00e4r p\u00e5 plats g\u00f6r \u00e4ven Nordkoreas Kim Jong-Un en ovanlig utlandsresa f\u00f6r att delta.<\/p>\n<p>Bed\u00f6mare ser paraden som ett uttryck f\u00f6r det f\u00f6rdjupade samarbetet mellan Kina, Ryssland, Iran och Nordkorea, rapporterar The Guardian. Vid sidan om uppvisningen av milit\u00e4r styrka \u00e4r paraden ocks\u00e5 ett s\u00e4tt att skriva om historien, skriver Washington Post. USA:s roll i andra v\u00e4rldskrigets slutskede tonas ner och Sovjetunionens framh\u00e4vs.<\/p>\n<p>F\u00f6r vanliga kineser \u00e4r det inte tal om att f\u00f6lja paraden p\u00e5 plats utan de f\u00e5r titta p\u00e5 tv-s\u00e4ndningar, skriver AP. Paraden \u00e4r strikt regisserad och h\u00e5rt bevakad. Barrikader h\u00e5ller allm\u00e4nheten borta och kommersiella verksamheter l\u00e4ngs med v\u00e4gen har st\u00e4ngts ner.<\/p>\n<p>Omni \u00e4r politiskt obundna och oberoende. Vi str\u00e4var efter att ge fler perspektiv p\u00e5 nyheterna. Har du fr\u00e5gor eller synpunkter kring v\u00e5r rapportering? <a href=\"https:\/\/omni.se\/kina-spanner-musklerna-med-militarparad-tonar-ner-usa-s-historiska-betydelse\/a\/mailto:redaktion@omni.se\" class=\"ArticleActions_contactLink__W2F1M\" rel=\"nofollow noopener\" target=\"_blank\">Kontakta redaktionen<\/a><\/p>\n","protected":false},"excerpt":{"rendered":"Kina markerar 80-\u00e5rsdagen av Japans kapitulation i andra v\u00e4rldskriget med en pampig milit\u00e4rparad i Peking under morgondagen. F\u00f6rutom&hellip;\n","protected":false},"author":2,"featured_media":19890,"comment_status":"","ping_status":"","sticky":false,"template":"","format":"standard","meta":{"footnotes":""},"categories":[5],"tags":[22,23,26,27,17,21,1530,549,2225,24,25,28,29,15,2203,16,18,264,34,31,33,32,30,19,20,74],"class_list":{"0":"post-19889","1":"post","2":"type-post","3":"status-publish","4":"format-standard","5":"has-post-thumbnail","7":"category-rubriker","8":"tag-breaking-news","9":"tag-breakingnews","10":"tag-featured-news","11":"tag-featurednews","12":"tag-headlines","13":"tag-huvudnyheter","14":"tag-iran","15":"tag-kina","16":"tag-kinesisk-politik","17":"tag-latest-news","18":"tag-latestnews","19":"tag-main-news","20":"tag-mainnews","21":"tag-news","22":"tag-nordkorea","23":"tag-nyheter","24":"tag-rubriker","25":"tag-ryssland","26":"tag-se","27":"tag-svenska","28":"tag-sverige","29":"tag-sweden","30":"tag-swedish","31":"tag-top-stories","32":"tag-topstories","33":"tag-usa"},"share_on_mastodon":{"url":"","error":""},"_links":{"self":[{"href":"https:\/\/www.europesays.com\/se\/wp-json\/wp\/v2\/posts\/19889","targetHints":{"allow":["GET"]}}],"collection":[{"href":"https:\/\/www.europesays.com\/se\/wp-json\/wp\/v2\/posts"}],"about":[{"href":"https:\/\/www.europesays.com\/se\/wp-json\/wp\/v2\/types\/post"}],"author":[{"embeddable":true,"href":"https:\/\/www.europesays.com\/se\/wp-json\/wp\/v2\/users\/2"}],"replies":[{"embeddable":true,"href":"https:\/\/www.europesays.com\/se\/wp-json\/wp\/v2\/comments?post=19889"}],"version-history":[{"count":0,"href":"https:\/\/www.europesays.com\/se\/wp-json\/wp\/v2\/posts\/19889\/revisions"}],"wp:featuredmedia":[{"embeddable":true,"href":"https:\/\/www.europesays.com\/se\/wp-json\/wp\/v2\/media\/19890"}],"wp:attachment":[{"href":"https:\/\/www.europesays.com\/se\/wp-json\/wp\/v2\/media?parent=19889"}],"wp:term":[{"taxonomy":"category","embeddable":true,"href":"https:\/\/www.europesays.com\/se\/wp-json\/wp\/v2\/categories?post=19889"},{"taxonomy":"post_tag","embeddable":true,"href":"https:\/\/www.europesays.com\/se\/wp-json\/wp\/v2\/tags?post=19889"}],"curies":[{"name":"wp","href":"https:\/\/api.w.org\/{rel}","templated":true}]}}