{"id":19891,"date":"2025-09-02T09:53:07","date_gmt":"2025-09-02T09:53:07","guid":{"rendered":"https:\/\/www.europesays.com\/se\/19891\/"},"modified":"2025-09-02T09:53:07","modified_gmt":"2025-09-02T09:53:07","slug":"klart-ederson-lamnar-manchester-city","status":"publish","type":"post","link":"https:\/\/www.europesays.com\/se\/19891\/","title":{"rendered":"Klart: Ederson l\u00e4mnar Manchester City"},"content":{"rendered":"<p><strong><a href=\"https:\/\/fotbolldirekt.se\/klubb\/manchester-city\/\" rel=\"nofollow noopener\" target=\"_blank\">Manchester City<\/a> bekr\u00e4ftar avsked.<br \/>M\u00e5lvakten Ederson l\u00e4mnar <a href=\"https:\/\/fotbolldirekt.se\/premier-league\/\" rel=\"nofollow noopener\" target=\"_blank\">PL<\/a>-klubben.<\/strong><br \/><strong>Karri\u00e4ren forts\u00e4tter i turkiska Fenerbahce.<\/strong><\/p>\n<p><img loading=\"lazy\" decoding=\"async\" width=\"1024\" height=\"576\" src=\"https:\/\/www.europesays.com\/se\/wp-content\/uploads\/2025\/09\/ederson-1024x576.jpg\" alt=\"\" class=\"wp-image-312950\"  \/>Foto: Bildbyr\u00e5n<\/p>\n<p>Under tisdagen bekr\u00e4ftar Manchester City att m\u00e5lvakten Ederson l\u00e4mnar. 32-\u00e5ringen <strong>forts\u00e4tter karri\u00e4ren i turkiska Fenerbahce<\/strong>.<\/p>\n<p>Enligt transferexperten Fabrizio Romano landar aff\u00e4ren p\u00e5 13-14 miljoner euro (drygt 144-155 miljoner kronor).<\/p>\n<p>Den h\u00e4r s\u00e4songen har Ederson inte gjort n\u00e5gra matcher i Premier League d\u00e5 nyf\u00f6rv\u00e4rvet James Trafford tagit hans plats.<\/p>\n<p>Totalt blev det 372 matcher i Manchester City f\u00f6r Ederson.<\/p>\n","protected":false},"excerpt":{"rendered":"Manchester City bekr\u00e4ftar avsked.M\u00e5lvakten Ederson l\u00e4mnar PL-klubben.Karri\u00e4ren forts\u00e4tter i turkiska Fenerbahce. Foto: Bildbyr\u00e5n Under tisdagen bekr\u00e4ftar Manchester City&hellip;\n","protected":false},"author":2,"featured_media":19892,"comment_status":"","ping_status":"","sticky":false,"template":"","format":"standard","meta":{"footnotes":""},"categories":[68],"tags":[468,34,111,110,31,33,32,30],"class_list":{"0":"post-19891","1":"post","2":"type-post","3":"status-publish","4":"format-standard","5":"has-post-thumbnail","7":"category-sport","8":"tag-mini-top-block-2","9":"tag-se","10":"tag-sport","11":"tag-sports","12":"tag-svenska","13":"tag-sverige","14":"tag-sweden","15":"tag-swedish"},"share_on_mastodon":{"url":"","error":""},"_links":{"self":[{"href":"https:\/\/www.europesays.com\/se\/wp-json\/wp\/v2\/posts\/19891","targetHints":{"allow":["GET"]}}],"collection":[{"href":"https:\/\/www.europesays.com\/se\/wp-json\/wp\/v2\/posts"}],"about":[{"href":"https:\/\/www.europesays.com\/se\/wp-json\/wp\/v2\/types\/post"}],"author":[{"embeddable":true,"href":"https:\/\/www.europesays.com\/se\/wp-json\/wp\/v2\/users\/2"}],"replies":[{"embeddable":true,"href":"https:\/\/www.europesays.com\/se\/wp-json\/wp\/v2\/comments?post=19891"}],"version-history":[{"count":0,"href":"https:\/\/www.europesays.com\/se\/wp-json\/wp\/v2\/posts\/19891\/revisions"}],"wp:featuredmedia":[{"embeddable":true,"href":"https:\/\/www.europesays.com\/se\/wp-json\/wp\/v2\/media\/19892"}],"wp:attachment":[{"href":"https:\/\/www.europesays.com\/se\/wp-json\/wp\/v2\/media?parent=19891"}],"wp:term":[{"taxonomy":"category","embeddable":true,"href":"https:\/\/www.europesays.com\/se\/wp-json\/wp\/v2\/categories?post=19891"},{"taxonomy":"post_tag","embeddable":true,"href":"https:\/\/www.europesays.com\/se\/wp-json\/wp\/v2\/tags?post=19891"}],"curies":[{"name":"wp","href":"https:\/\/api.w.org\/{rel}","templated":true}]}}