{"id":199101,"date":"2026-03-24T12:25:11","date_gmt":"2026-03-24T12:25:11","guid":{"rendered":"https:\/\/www.europesays.com\/se\/199101\/"},"modified":"2026-03-24T12:25:11","modified_gmt":"2026-03-24T12:25:11","slug":"petra-hittade-foraldrarna-mordade-chockartat","status":"publish","type":"post","link":"https:\/\/www.europesays.com\/se\/199101\/","title":{"rendered":"Petra hittade f\u00f6r\u00e4ldrarna m\u00f6rdade: \u201dChockartat\u201d"},"content":{"rendered":"<p>Pension\u00e4rsparet Anders och Lena Nordahl m\u00f6rdades i sitt hem i sk\u00e5nska Klippan i maj f\u00f6rra \u00e5ret. Det var dottern Petra Lundberg som hittade dem livl\u00f6sa p\u00e5 hallgolvet, ber\u00e4ttar hon f\u00f6r DN. <\/p>\n<p>N\u00e4r f\u00f6r\u00e4ldrarna inte d\u00f6k upp p\u00e5 ett kalas f\u00f6r ett av barnbarnen och inte heller svarade i telefon best\u00e4mde hon sig f\u00f6r att \u00e5ka hem till dem. Redan i bilen k\u00e4nde hon att n\u00e5got var fel, men det som m\u00f6tte henne i hallen beskriver hon som chockartat. <\/p>\n<p>\u2013 Ingenting kan f\u00f6rbereda en p\u00e5 den synen, s\u00e4ger hon. <\/p>\n<p>I morgon, onsdag, faller domen mot den 58-\u00e5rige man som st\u00e5r \u00e5talad misst\u00e4nkt f\u00f6r mordet. Han hade ingen koppling till paret, s\u00e4ger sig inte ha n\u00e5gra minnen fr\u00e5n h\u00e4ndelsen och f\u00f6rnekar brott. <\/p>\n<p>Omni \u00e4r politiskt obundna och oberoende. Vi str\u00e4var efter att ge fler perspektiv p\u00e5 nyheterna. Har du fr\u00e5gor eller synpunkter kring v\u00e5r rapportering? <a href=\"https:\/\/omni.se\/petra-hittade-foraldrarna-mordade-chockartat\/a\/mailto:redaktion@omni.se\" class=\"ArticleActions_contactLink__W2F1M\" rel=\"nofollow noopener\" target=\"_blank\">Kontakta redaktionen<\/a><\/p>\n","protected":false},"excerpt":{"rendered":"Pension\u00e4rsparet Anders och Lena Nordahl m\u00f6rdades i sitt hem i sk\u00e5nska Klippan i maj f\u00f6rra \u00e5ret. Det var&hellip;\n","protected":false},"author":2,"featured_media":199102,"comment_status":"","ping_status":"","sticky":false,"template":"","format":"standard","meta":{"footnotes":"","_share_on_mastodon":"0"},"categories":[12],"tags":[22,23,128,26,27,17,21,5967,24,25,28,29,15,16,18,34,389,31,33,32,30,19,20],"class_list":["post-199101","post","type-post","status-publish","format-standard","has-post-thumbnail","category-sverige","tag-breaking-news","tag-breakingnews","tag-brott","tag-featured-news","tag-featurednews","tag-headlines","tag-huvudnyheter","tag-klippan","tag-latest-news","tag-latestnews","tag-main-news","tag-mainnews","tag-news","tag-nyheter","tag-rubriker","tag-se","tag-skane-lan","tag-svenska","tag-sverige","tag-sweden","tag-swedish","tag-top-stories","tag-topstories"],"share_on_mastodon":{"url":"https:\/\/pubeurope.com\/@se\/116284144087211583","error":""},"_links":{"self":[{"href":"https:\/\/www.europesays.com\/se\/wp-json\/wp\/v2\/posts\/199101","targetHints":{"allow":["GET"]}}],"collection":[{"href":"https:\/\/www.europesays.com\/se\/wp-json\/wp\/v2\/posts"}],"about":[{"href":"https:\/\/www.europesays.com\/se\/wp-json\/wp\/v2\/types\/post"}],"author":[{"embeddable":true,"href":"https:\/\/www.europesays.com\/se\/wp-json\/wp\/v2\/users\/2"}],"replies":[{"embeddable":true,"href":"https:\/\/www.europesays.com\/se\/wp-json\/wp\/v2\/comments?post=199101"}],"version-history":[{"count":0,"href":"https:\/\/www.europesays.com\/se\/wp-json\/wp\/v2\/posts\/199101\/revisions"}],"wp:featuredmedia":[{"embeddable":true,"href":"https:\/\/www.europesays.com\/se\/wp-json\/wp\/v2\/media\/199102"}],"wp:attachment":[{"href":"https:\/\/www.europesays.com\/se\/wp-json\/wp\/v2\/media?parent=199101"}],"wp:term":[{"taxonomy":"category","embeddable":true,"href":"https:\/\/www.europesays.com\/se\/wp-json\/wp\/v2\/categories?post=199101"},{"taxonomy":"post_tag","embeddable":true,"href":"https:\/\/www.europesays.com\/se\/wp-json\/wp\/v2\/tags?post=199101"}],"curies":[{"name":"wp","href":"https:\/\/api.w.org\/{rel}","templated":true}]}}