{"id":199378,"date":"2026-03-24T18:10:15","date_gmt":"2026-03-24T18:10:15","guid":{"rendered":"https:\/\/www.europesays.com\/se\/199378\/"},"modified":"2026-03-24T18:10:15","modified_gmt":"2026-03-24T18:10:15","slug":"bianca-ingrosso-jag-ar-singel","status":"publish","type":"post","link":"https:\/\/www.europesays.com\/se\/199378\/","title":{"rendered":"Bianca Ingrosso: Jag \u00e4r singel"},"content":{"rendered":"<p>Uppdaterad 24 mar 2026 kl 18.22Publicerad 24 mar 2026 kl 16.02<\/p>\n<p>Bianca Ingrosso \u00e4r singel.<\/p>\n<p>Relationen med f\u00f6retagaren Jonas Ejev\u00e4rn \u00e4r allts\u00e5 \u00f6ver.<\/p>\n<p>\u2013 We broke up, s\u00e4ger hon p\u00e5 Youtube.<\/p>\n<p><img loading=\"lazy\"   alt=\"\"\/><\/p>\n<p>Jonas Ejev\u00e4rn.<\/p>\n<p>Foto: Worldredeye<\/p>\n<p>\u00d6ppna bild i helsk\u00e4rm<img loading=\"lazy\"   alt=\"\"\/><\/p>\n<p>Bianca Ingrosso.<\/p>\n<p>Foto: HBO Max<\/p>\n<p>\u00d6ppna bild i helsk\u00e4rm<img loading=\"lazy\"   alt=\"\"\/> <\/p>\n<p>Foto: Youtube<\/p>\n<p>\u00d6ppna bild i helsk\u00e4rm<\/p>\n<p><a href=\"https:\/\/www.expressen.se\/noje\/han-ar-bianca-ingrossos-nya-kille-43-ariga-jonas\/\" rel=\"nofollow noopener\" target=\"_blank\">Expressen kunde nyligen ber\u00e4tta<\/a> att entrepren\u00f6ren och influencern <a href=\"https:\/\/www.expressen.se\/tagg\/person\/bianca-ingrosso\/\" class=\"\" rel=\"nofollow noopener\" target=\"_blank\">Bianca Ingrosso<\/a>, 31, blivit k\u00e4r i Jonas Ejev\u00e4rn, 43, stor\u00e4gare i ett miljardf\u00f6retag.<\/p>\n<p>Bland annat har de varit p\u00e5 en lyxig resa till Thailand ihop. De bodde p\u00e5 ett hotell som kostar \u00f6ver 150 000 kronor natten.<\/p>\n<p>Jonas Ejev\u00e4rn bor i Schweiz och Ingrosso har sagt i \u201dWahlgrens v\u00e4rld\u201d:<\/p>\n<p>\u00a0\u2013 Han vill ju att jag ska flytta dit.<\/p>\n<p>Men nu s\u00e4ger hon i en vlogg p\u00e5 <a href=\"https:\/\/www.youtube.com\/watch?v=n4n0zquEqp4\" rel=\"nofollow noopener\" target=\"_blank\">Youtube<\/a> att hon \u00e4r singel.<\/p>\n<p>\u2013 N\u00e4r det stod som mest att Bianca \u00e4r k\u00e4r, och vill ha barn, och \u201dh\u00e4r \u00e4r Biancas kille\u201d\u2026 Well guys, it\u2019s over. We broke up. Alltid \u00e4r det n\u00e5got, s\u00e4ger hon.<\/p>\n<p>Del\u00e4gare i miljardbolag<\/p>\n<p>Jonas Ejev\u00e4rn \u00e4ger 5,2 procent av spelf\u00f6retaget Hacksaw, med ett b\u00f6rsv\u00e4rde p\u00e5 n\u00e4rmare 17 miljarder kronor.<\/p>\n<p>Han var ocks\u00e5 en av g\u00e4sterna p\u00e5 Rebecca Stellas babyshower i Los Angeles 2017 och har synts med artisterna Alesso och Swedish house mafia.<\/p>\n<p>2015 utvandrade han fr\u00e5n Sverige.<\/p>\n<p><img alt=\"\"\/>Ljudklippet gick inte att spela upp<\/p>\n<p>F\u00f6rs\u00f6k igen senare<\/p>\n","protected":false},"excerpt":{"rendered":"Uppdaterad 24 mar 2026 kl 18.22Publicerad 24 mar 2026 kl 16.02 Bianca Ingrosso \u00e4r singel. Relationen med f\u00f6retagaren&hellip;\n","protected":false},"author":2,"featured_media":199379,"comment_status":"","ping_status":"","sticky":false,"template":"","format":"standard","meta":{"footnotes":"","_share_on_mastodon":"0"},"categories":[67],"tags":[104,580,34,31,33,32,30,428,547,105],"class_list":["post-199378","post","type-post","status-publish","format-standard","has-post-thumbnail","category-underhallning","tag-entertainment","tag-person-bianca-ingrosso","tag-se","tag-svenska","tag-sverige","tag-sweden","tag-swedish","tag-topic-influencers","tag-topic-karlek-relationer","tag-underhallning"],"share_on_mastodon":{"url":"https:\/\/pubeurope.com\/@se\/116285500659786162","error":""},"_links":{"self":[{"href":"https:\/\/www.europesays.com\/se\/wp-json\/wp\/v2\/posts\/199378","targetHints":{"allow":["GET"]}}],"collection":[{"href":"https:\/\/www.europesays.com\/se\/wp-json\/wp\/v2\/posts"}],"about":[{"href":"https:\/\/www.europesays.com\/se\/wp-json\/wp\/v2\/types\/post"}],"author":[{"embeddable":true,"href":"https:\/\/www.europesays.com\/se\/wp-json\/wp\/v2\/users\/2"}],"replies":[{"embeddable":true,"href":"https:\/\/www.europesays.com\/se\/wp-json\/wp\/v2\/comments?post=199378"}],"version-history":[{"count":0,"href":"https:\/\/www.europesays.com\/se\/wp-json\/wp\/v2\/posts\/199378\/revisions"}],"wp:featuredmedia":[{"embeddable":true,"href":"https:\/\/www.europesays.com\/se\/wp-json\/wp\/v2\/media\/199379"}],"wp:attachment":[{"href":"https:\/\/www.europesays.com\/se\/wp-json\/wp\/v2\/media?parent=199378"}],"wp:term":[{"taxonomy":"category","embeddable":true,"href":"https:\/\/www.europesays.com\/se\/wp-json\/wp\/v2\/categories?post=199378"},{"taxonomy":"post_tag","embeddable":true,"href":"https:\/\/www.europesays.com\/se\/wp-json\/wp\/v2\/tags?post=199378"}],"curies":[{"name":"wp","href":"https:\/\/api.w.org\/{rel}","templated":true}]}}