{"id":19943,"date":"2025-09-02T10:44:18","date_gmt":"2025-09-02T10:44:18","guid":{"rendered":"https:\/\/www.europesays.com\/se\/19943\/"},"modified":"2025-09-02T10:44:18","modified_gmt":"2025-09-02T10:44:18","slug":"den-starka-kronan-satter-krokben-for-sparandet","status":"publish","type":"post","link":"https:\/\/www.europesays.com\/se\/19943\/","title":{"rendered":"\u201dDen starka kronan s\u00e4tter krokben f\u00f6r sparandet\u201d"},"content":{"rendered":"<p>B\u00f6rserna p\u00e5 Wall Street hovrar kring rekordniv\u00e5er, mycket tack vare att flera av techj\u00e4ttarna g\u00e5tt starkt den senaste tiden. Men f\u00f6r de svenska spararna har en stor del av rallyt uteblivit \u2013 p\u00e5 grund av den starka kronan, s\u00e4ger Danske Banks seniorstrateg Maria Landeborn till SvD. <\/p>\n<p>Flera av de svenska fonderna som har stora innehav i amerikanska bolag har backat sedan \u00e5rsskiftet. Landeborn kallar fenomenet \u201dkronkollapsen i sparandet\u201d eftersom varje dollar i avkastningen minskar i antalet kronor n\u00e4r den svenska valutan st\u00e4rks. <\/p>\n<p>Att valutans utveckling spelar st\u00f6rre roll \u00e4n hur bolagen utvecklas \u00e4r enligt henne ovanligt. <\/p>\n<p>\u2013 F\u00f6r spararna har det haft j\u00e4ttestor betydelse. <\/p>\n<p>Omni \u00e4r politiskt obundna och oberoende. Vi str\u00e4var efter att ge fler perspektiv p\u00e5 nyheterna. Har du fr\u00e5gor eller synpunkter kring v\u00e5r rapportering? <a href=\"https:\/\/omni.se\/landeborn-kronan-satter-krokben-for-sparandet\/a\/mailto:redaktion@omni.se\" class=\"ArticleActions_contactLink__W2F1M\" rel=\"nofollow noopener\" target=\"_blank\">Kontakta redaktionen<\/a><\/p>\n","protected":false},"excerpt":{"rendered":"B\u00f6rserna p\u00e5 Wall Street hovrar kring rekordniv\u00e5er, mycket tack vare att flera av techj\u00e4ttarna g\u00e5tt starkt den senaste&hellip;\n","protected":false},"author":2,"featured_media":19944,"comment_status":"","ping_status":"","sticky":false,"template":"","format":"standard","meta":{"footnotes":""},"categories":[65],"tags":[72,70,71,589,1020,349,34,1142,31,33,32,30,398],"class_list":{"0":"post-19943","1":"post","2":"type-post","3":"status-publish","4":"format-standard","5":"has-post-thumbnail","7":"category-ekonomi","8":"tag-business","9":"tag-economy","10":"tag-ekonomi","11":"tag-makrostatistik","12":"tag-maria-landeborn","13":"tag-privatekonomi","14":"tag-se","15":"tag-sparande","16":"tag-svenska","17":"tag-sverige","18":"tag-sweden","19":"tag-swedish","20":"tag-wall-street"},"share_on_mastodon":{"url":"","error":""},"_links":{"self":[{"href":"https:\/\/www.europesays.com\/se\/wp-json\/wp\/v2\/posts\/19943","targetHints":{"allow":["GET"]}}],"collection":[{"href":"https:\/\/www.europesays.com\/se\/wp-json\/wp\/v2\/posts"}],"about":[{"href":"https:\/\/www.europesays.com\/se\/wp-json\/wp\/v2\/types\/post"}],"author":[{"embeddable":true,"href":"https:\/\/www.europesays.com\/se\/wp-json\/wp\/v2\/users\/2"}],"replies":[{"embeddable":true,"href":"https:\/\/www.europesays.com\/se\/wp-json\/wp\/v2\/comments?post=19943"}],"version-history":[{"count":0,"href":"https:\/\/www.europesays.com\/se\/wp-json\/wp\/v2\/posts\/19943\/revisions"}],"wp:featuredmedia":[{"embeddable":true,"href":"https:\/\/www.europesays.com\/se\/wp-json\/wp\/v2\/media\/19944"}],"wp:attachment":[{"href":"https:\/\/www.europesays.com\/se\/wp-json\/wp\/v2\/media?parent=19943"}],"wp:term":[{"taxonomy":"category","embeddable":true,"href":"https:\/\/www.europesays.com\/se\/wp-json\/wp\/v2\/categories?post=19943"},{"taxonomy":"post_tag","embeddable":true,"href":"https:\/\/www.europesays.com\/se\/wp-json\/wp\/v2\/tags?post=19943"}],"curies":[{"name":"wp","href":"https:\/\/api.w.org\/{rel}","templated":true}]}}