{"id":199996,"date":"2026-03-25T10:13:09","date_gmt":"2026-03-25T10:13:09","guid":{"rendered":"https:\/\/www.europesays.com\/se\/199996\/"},"modified":"2026-03-25T10:13:09","modified_gmt":"2026-03-25T10:13:09","slug":"fem-har-beviljats-bidrag-for-att-atervandra-tacksam","status":"publish","type":"post","link":"https:\/\/www.europesays.com\/se\/199996\/","title":{"rendered":"Fem har beviljats bidrag f\u00f6r att \u00e5tervandra: \u201dTacksam\u201d"},"content":{"rendered":"<p>Fem personer har beviljats \u00e5tervandringsbidraget fram till 13 mars i \u00e5r. En av dem \u00e4r en skuldfri och ostraffad man som bott i Sverige i 35 \u00e5r och som Expressen har pratat med.<\/p>\n<p>Mannen, som \u00e4r i 55-\u00e5rs\u00e5ldern, ska flytta tillbaka till Somaliland. <\/p>\n<p>\u2013 Jag \u00e4r v\u00e4ldigt tacksam mot Sverige, s\u00e4ger han.<\/p>\n<p>Alla fem som beviljats bidraget \u00e4r m\u00e4n.<\/p>\n<p>En som ska \u00e5tervandra till Syrien skriver i sin ans\u00f6kan att han inte kunnat anpassa sig i samh\u00e4llet och d\u00e4rmed vill \u00e5terv\u00e4nda till sitt hemland. <\/p>\n<p>En annan, som ska \u00e5tervandra till Elfenbenskusten, skriver att han l\u00e4nge bott i Sverige men f\u00e5tt avslag p\u00e5 medborgarskap. \u201dJag tror att det \u00e4r b\u00e4ttre f\u00f6r mig i mitt hemland\u201d, skriver mannen i sin ans\u00f6kan.<\/p>\n<p>Omni \u00e4r politiskt obundna och oberoende. Vi str\u00e4var efter att ge fler perspektiv p\u00e5 nyheterna. Har du fr\u00e5gor eller synpunkter kring v\u00e5r rapportering? <a href=\"https:\/\/omni.se\/fem-har-beviljats-atervandringsbidraget-tacksam\/a\/mailto:redaktion@omni.se\" class=\"ArticleActions_contactLink__W2F1M\" rel=\"nofollow noopener\" target=\"_blank\">Kontakta redaktionen<\/a><\/p>\n","protected":false},"excerpt":{"rendered":"Fem personer har beviljats \u00e5tervandringsbidraget fram till 13 mars i \u00e5r. En av dem \u00e4r en skuldfri och&hellip;\n","protected":false},"author":2,"featured_media":199997,"comment_status":"","ping_status":"","sticky":false,"template":"","format":"standard","meta":{"footnotes":"","_share_on_mastodon":"0"},"categories":[12],"tags":[1482,22,23,16605,26,27,17,21,24,25,28,29,124,1510,15,16,18,34,16604,31,33,32,30,4251,19,20],"class_list":["post-199996","post","type-post","status-publish","format-standard","has-post-thumbnail","category-sverige","tag-afrika","tag-breaking-news","tag-breakingnews","tag-elfenbenskusten","tag-featured-news","tag-featurednews","tag-headlines","tag-huvudnyheter","tag-latest-news","tag-latestnews","tag-main-news","tag-mainnews","tag-mellanostern","tag-migrationspolitik","tag-news","tag-nyheter","tag-rubriker","tag-se","tag-somaliland","tag-svenska","tag-sverige","tag-sweden","tag-swedish","tag-syrien","tag-top-stories","tag-topstories"],"share_on_mastodon":{"url":"https:\/\/pubeurope.com\/@se\/116289287283182790","error":""},"_links":{"self":[{"href":"https:\/\/www.europesays.com\/se\/wp-json\/wp\/v2\/posts\/199996","targetHints":{"allow":["GET"]}}],"collection":[{"href":"https:\/\/www.europesays.com\/se\/wp-json\/wp\/v2\/posts"}],"about":[{"href":"https:\/\/www.europesays.com\/se\/wp-json\/wp\/v2\/types\/post"}],"author":[{"embeddable":true,"href":"https:\/\/www.europesays.com\/se\/wp-json\/wp\/v2\/users\/2"}],"replies":[{"embeddable":true,"href":"https:\/\/www.europesays.com\/se\/wp-json\/wp\/v2\/comments?post=199996"}],"version-history":[{"count":0,"href":"https:\/\/www.europesays.com\/se\/wp-json\/wp\/v2\/posts\/199996\/revisions"}],"wp:featuredmedia":[{"embeddable":true,"href":"https:\/\/www.europesays.com\/se\/wp-json\/wp\/v2\/media\/199997"}],"wp:attachment":[{"href":"https:\/\/www.europesays.com\/se\/wp-json\/wp\/v2\/media?parent=199996"}],"wp:term":[{"taxonomy":"category","embeddable":true,"href":"https:\/\/www.europesays.com\/se\/wp-json\/wp\/v2\/categories?post=199996"},{"taxonomy":"post_tag","embeddable":true,"href":"https:\/\/www.europesays.com\/se\/wp-json\/wp\/v2\/tags?post=199996"}],"curies":[{"name":"wp","href":"https:\/\/api.w.org\/{rel}","templated":true}]}}