{"id":200751,"date":"2026-03-26T01:57:08","date_gmt":"2026-03-26T01:57:08","guid":{"rendered":"https:\/\/www.europesays.com\/se\/200751\/"},"modified":"2026-03-26T01:57:08","modified_gmt":"2026-03-26T01:57:08","slug":"ny-front-vidviktiga-sundet","status":"publish","type":"post","link":"https:\/\/www.europesays.com\/se\/200751\/","title":{"rendered":"Ny front \u2013 vid\nviktiga sundet"},"content":{"rendered":"<p>Iran hotar med att \u00f6ppna en ny strategisk front om USA och Israel f\u00f6rs\u00f6ker ta kontroll \u00f6ver iranska \u00f6ar, skriver <a href=\"https:\/\/www.cnn.com\/world\/live-news\/iran-war-us-israel-trump-03-25-26?post-id=cmn6992wc00003b6ttvwerj38\" rel=\"nofollow noopener\" target=\"_blank\">CNN.<\/a>\u00a0<\/p>\n<p>Det f\u00f6r v\u00e4rldshandeln mycket viktiga sundet Bab al-Mandab pekas ut. \u00a0<\/p>\n<p>\u201dV\u00e5ra styrkor \u00f6vervakar alla fiendens r\u00f6relser\u201d, skriver talmannen Mohammad Bagher Ghalibaf p\u00e5 X.\u00a0<\/p>\n<p><img   alt=\"\"\/><\/p>\n<p>Irans talman, Mohammad Bagher Ghalibaf, varnar f\u00f6r \u201dkontinuerliga, obevekliga angrepp\u201d.<\/p>\n<p>Foto: Icana \/ TT NYHETSBYR\u00c5N<\/p>\n<p>\u00d6ppna bild i helsk\u00e4rm<img loading=\"lazy\"   alt=\"\"\/><\/p>\n<p>USA:s president Donald Trump h\u00e4vdar att samtalen med Iran g\u00e5r mycket bra. Detta f\u00f6rnekas dock av Iran.<\/p>\n<p>Foto: MIKE STEWART \/ AP \/ TT NYHETSBYR\u00c5N<\/p>\n<p>\u00d6ppna bild i helsk\u00e4rm<\/p>\n<p>Irans blockad av Hormuzsundet har orsakat ett mycket stort bortfall av b\u00e5de olja och gas p\u00e5 v\u00e4rldsmarknaden.\u00a0<\/p>\n<p>Nu hotar man med att ge sig p\u00e5 det viktiga Bab al-Mandab-sundet, som f\u00f6rbinder R\u00f6da havet med Adenviken och Indiska oceanen, rapporterar <a href=\"https:\/\/www.cnn.com\/world\/live-news\/iran-war-us-israel-trump-03-25-26?post-id=cmn6992wc00003b6ttvwerj38\" rel=\"nofollow noopener\" target=\"_blank\">CNN. <\/a>Detta g\u00e4ller om <a href=\"https:\/\/www.expressen.se\/tagg\/location\/usa\/\" class=\"\" rel=\"nofollow noopener\" target=\"_blank\">USA<\/a> eller Israel inleder markoperationer i landet. P\u00e5 onsdagen har Pentagon bekr\u00e4ftat att man ska skicka fallsk\u00e4rmsj\u00e4gare till Mellan\u00f6stern. \u00a0<\/p>\n<p>Ny flaskhals pekas ut<\/p>\n<p>En iransk milit\u00e4rk\u00e4lla pekar, i ett uttalande till den halvstatliga nyhetsbyr\u00e5n Tasnim, ut just Bab al-Mandab-sundet.\u00a0<\/p>\n<p>\u201dOm fienden f\u00f6rs\u00f6ker genomf\u00f6ra n\u00e5gon form av markoperation p\u00e5 iranska \u00f6ar eller n\u00e5gon del av v\u00e5rt territorium [&#8230;] kommer vi att \u00f6ppna andra fronter som en \u201d\u00f6verraskning\u201d.\u00a0<\/p>\n<p>\u201dOm amerikanerna t\u00e4nker vidta v\u00e5rdsl\u00f6sa \u00e5tg\u00e4rder i fr\u00e5ga om Hormuzsundet b\u00f6r de vara f\u00f6rsiktiga s\u00e5 att de inte l\u00e4gger ytterligare ett sund till sin lista \u00f6ver utmaningar.\u201d<\/p>\n<p><img loading=\"lazy\"   alt=\"\"\/><\/p>\n<p>Bab al-Mandab, mellan Djibouti och Jemen, f\u00f6rbinder Adenviken med R\u00f6da havet.<\/p>\n<p>Foto: Google Maps<\/p>\n<p>\u00d6ppna bild i helsk\u00e4rm<img loading=\"lazy\"   alt=\"\"\/><\/p>\n<p>I sin smalaste del \u00e4r sundet bara 30 kilometer brett.<\/p>\n<p>Foto: Coordena\u00e7\u00e3o-Geral de Observa\u00e7\u00e3o da Terra \/ INPE \/ Wikimedia commons<\/p>\n<p>\u00d6ppna bild i helsk\u00e4rm<\/p>\n<p>Bab al-Mandab-sundet ligger mellan Djibouti och Jemen, allts\u00e5 l\u00e5ngt ifr\u00e5n Iran. Men enligt milit\u00e4rk\u00e4llan har landet kapacitet att skapa ett trov\u00e4rdigt hot i omr\u00e5det om sp\u00e4nningarna eskalerar. Huthirebellerna i Jemen, som st\u00f6ds av Iran, skulle troligen kunna hj\u00e4lpa till.\u00a0<\/p>\n<p>Bab al-Mandab-sundet \u00e4r viktigt f\u00f6r Europas import av olja och flytande fossilgas. Bab al-Mandab och Suezkanalen g\u00f6r det m\u00f6jligt f\u00f6r fartyg att f\u00e4rdas mellan Europa och Asien utan att beh\u00f6va passera Afrika. Men Bab al-Mandab-sundet \u00e4r smalt och s\u00e5rbart f\u00f6r st\u00f6rningar. Om det blockeras skulle fraktpriser stiga kraftigt, leveranskedjor f\u00f6rsenas och energipriserna \u00f6ka ytterligare.\u00a0<\/p>\n<p><img loading=\"lazy\"   alt=\"\"\/><\/p>\n<p>Huthirebellerna i Jemen skulle sannolikt kunna hj\u00e4lpa Iran att blockera Bab al-Mandab-sundet.<\/p>\n<p>Foto: YAHYA ARHAB \/ EPA<\/p>\n<p>\u00d6ppna bild i helsk\u00e4rm\u201d\u00d6vervakar fiendens r\u00f6relser\u201d<\/p>\n<p>Irans talman, Mohammad Bagher Ghalibaf, h\u00e4vdar att man har uppgifter om att landets \u201dfiender\u201d f\u00f6rbereder sig f\u00f6r att f\u00f6rs\u00f6ka ta kontroll \u00f6ver en av Irans \u00f6ar. Han syftar sannolikt p\u00e5 \u00f6n Kharg, Irans viktigaste oljeexportterminal. P\u00e5 plattformen X skriver han:\u00a0<\/p>\n<p>\u201dBaserat p\u00e5 vissa underr\u00e4ttelserapporter f\u00f6rbereder Irans fiender att ockupera en av de iranska \u00f6arna med st\u00f6d fr\u00e5n en av staterna i regionen.\u201d<\/p>\n<p>\u201dV\u00e5ra styrkor \u00f6vervakar alla fiendens r\u00f6relser, och om de tar n\u00e5got steg kommer all vital infrastruktur i den regionala staten att bli f\u00f6rem\u00e5l f\u00f6r kontinuerliga, obevekliga angrepp.\u201d<\/p>\n<p>Vilken regional stat som Mohammad Bagher Ghalibaf syftar p\u00e5 \u00e4r oklart.\u00a0<\/p>\n<p><strong>L\u00c4S MER: <\/strong><a href=\"https:\/\/www.expressen.se\/nyheter\/varlden\/iran-avvisar-trumps--plan-fem-villkor\/\" class=\"\" rel=\"nofollow noopener\" target=\"_blank\">Iran avvisar Trumps  plan \u2013 fem villkor<\/a><strong>L\u00c4S MER: <\/strong><a href=\"https:\/\/www.expressen.se\/kronikorer\/mats-larsson\/trumps-svagaste-front-i-kriget-hemmaplan\/\" class=\"\" rel=\"nofollow noopener\" target=\"_blank\">Mats Larsson: Trumps svagaste front i kriget \u2013 hemmaplan<\/a><strong>L\u00c4S MER: <\/strong><a href=\"https:\/\/www.expressen.se\/nyheter\/varlden\/stodet-for-trump-dalar-lagsta-sedan-han-tilltradde\/\" class=\"\" rel=\"nofollow noopener\" target=\"_blank\">St\u00f6det f\u00f6r Trump dalar \u2013 l\u00e4gsta sedan han tilltr\u00e4dde<\/a><\/p>\n","protected":false},"excerpt":{"rendered":"Iran hotar med att \u00f6ppna en ny strategisk front om USA och Israel f\u00f6rs\u00f6ker ta kontroll \u00f6ver iranska&hellip;\n","protected":false},"author":2,"featured_media":200752,"comment_status":"","ping_status":"","sticky":false,"template":"","format":"standard","meta":{"footnotes":"","_share_on_mastodon":"0"},"categories":[14],"tags":[22,23,26,27,17,21,24,25,16646,286,16648,971,15044,15172,15660,16647,45,28,29,15,16649,16,962,198,18,34,55,31,33,32,30,19,60,20,51,52,53,54],"class_list":["post-200751","post","type-post","status-publish","format-standard","has-post-thumbnail","category-varlden","tag-breaking-news","tag-breakingnews","tag-featured-news","tag-featurednews","tag-headlines","tag-huvudnyheter","tag-latest-news","tag-latestnews","tag-location-djibouti","tag-location-europa","tag-location-indiska-oceanen","tag-location-iran","tag-location-jemen","tag-location-medelhavet","tag-location-mellanostern","tag-location-roda-havet","tag-location-usa","tag-main-news","tag-mainnews","tag-news","tag-newsstory-konflikten-mellan-iran-och-israel","tag-nyheter","tag-organization-cnn","tag-person-donald-trump","tag-rubriker","tag-se","tag-sections-varlden","tag-svenska","tag-sverige","tag-sweden","tag-swedish","tag-top-stories","tag-topic-krig-konflikt","tag-topstories","tag-varlden","tag-world","tag-world-news","tag-worldnews"],"share_on_mastodon":{"url":"","error":"Validation failed: Text character limit of 500 exceeded"},"_links":{"self":[{"href":"https:\/\/www.europesays.com\/se\/wp-json\/wp\/v2\/posts\/200751","targetHints":{"allow":["GET"]}}],"collection":[{"href":"https:\/\/www.europesays.com\/se\/wp-json\/wp\/v2\/posts"}],"about":[{"href":"https:\/\/www.europesays.com\/se\/wp-json\/wp\/v2\/types\/post"}],"author":[{"embeddable":true,"href":"https:\/\/www.europesays.com\/se\/wp-json\/wp\/v2\/users\/2"}],"replies":[{"embeddable":true,"href":"https:\/\/www.europesays.com\/se\/wp-json\/wp\/v2\/comments?post=200751"}],"version-history":[{"count":0,"href":"https:\/\/www.europesays.com\/se\/wp-json\/wp\/v2\/posts\/200751\/revisions"}],"wp:featuredmedia":[{"embeddable":true,"href":"https:\/\/www.europesays.com\/se\/wp-json\/wp\/v2\/media\/200752"}],"wp:attachment":[{"href":"https:\/\/www.europesays.com\/se\/wp-json\/wp\/v2\/media?parent=200751"}],"wp:term":[{"taxonomy":"category","embeddable":true,"href":"https:\/\/www.europesays.com\/se\/wp-json\/wp\/v2\/categories?post=200751"},{"taxonomy":"post_tag","embeddable":true,"href":"https:\/\/www.europesays.com\/se\/wp-json\/wp\/v2\/tags?post=200751"}],"curies":[{"name":"wp","href":"https:\/\/api.w.org\/{rel}","templated":true}]}}