{"id":200834,"date":"2026-03-26T05:22:07","date_gmt":"2026-03-26T05:22:07","guid":{"rendered":"https:\/\/www.europesays.com\/se\/200834\/"},"modified":"2026-03-26T05:22:07","modified_gmt":"2026-03-26T05:22:07","slug":"ann-heberlein-svarar-marianne-lindberg-de-geer-i-debatten-om-kvinnors-aldrande-och-utseende","status":"publish","type":"post","link":"https:\/\/www.europesays.com\/se\/200834\/","title":{"rendered":"Ann Heberlein svarar Marianne Lindberg De Geer i debatten om kvinnors \u00e5ldrande och utseende"},"content":{"rendered":"<p>Publicerad 26 mar 2026 kl 05.00<\/p>\n<p>Varf\u00f6r \u00e4r vi s\u00e5 upptagna av v\u00e5r falnande sk\u00f6nhet?<\/p>\n<p>Ann Heberlein svarar Marianne Lindberg De Geer i debatten.<\/p>\n<p><img   alt=\"\"\/><\/p>\n<p>Marianne Lindberg De Geer debatterar kvinnligt \u00e5ldrande och sk\u00f6nhet.<\/p>\n<p>Foto: Vilhelm Stokstad \/ TT<\/p>\n<p>\u00d6ppna bild i helsk\u00e4rm<img loading=\"lazy\"   alt=\"\"\/><\/p>\n<p>Hanna Arendt uppmanade sin v\u00e4n Mary McCarthy i ett brev att njuta av friheten.<\/p>\n<p>Foto: Fred Stein \/ DPA \/ TT<\/p>\n<p>\u00d6ppna bild i helsk\u00e4rm<img loading=\"lazy\"   alt=\"\"\/><\/p>\n<p>Ann Heberlein \u00e4r f\u00f6rfattare, teologie doktor i etik och kolumnist i Expressen.<\/p>\n<p>Foto: OLLE SPORRONG<\/p>\n<p>\u00d6ppna bild i helsk\u00e4rm<\/p>\n<p><strong>REPLIK. <\/strong>Sk\u00f6nhet \u00e4r ett kapital. M\u00e4ngder av forskning visar att vackra m\u00e4nniskor f\u00e5r f\u00f6rdelar p\u00e5 grund av sitt utseende. Vi \u00e4r v\u00e4l helt enkelt navlade s\u00e5 att vi tycker om det sk\u00f6na och det vackra, oavsett om vi m\u00f6ter det i naturen, i arkitektur eller hos en annan m\u00e4nniska.<\/p>\n<p>L\u00e5t mig vara tydlig med att jag talar om ytan, om det vi ser med blotta \u00f6gat, glittrande \u00f6gon, br\u00f6stens rundning, regelbundna drag, svallande h\u00e5r, en str\u00e5lande hy. Inte om det som finns bakom det m\u00e4nskliga h\u00f6lje vi g\u00e5r omkring i. En m\u00e4nniska \u00e4r mycket mer \u00e4n sitt utseende \u2013 och n\u00e4r vi \u00e4lskar en m\u00e4nniska \u00e4r det i allm\u00e4nhet det som inte omedelbart syns, det vi \u00e4lskar, en skruvad humor, den varma omt\u00e4nksamheten, ett skarpt intellekt.<\/p>\n<p>Jag talar om ytan eftersom det \u00e4r den <strong>Marianne Lindberg de Geer<\/strong> uppeh\u00e5ller sig vid i <a href=\"https:\/\/www.expressen.se\/kultur\/marianne-lindberg-de-geer\/snygga-aldre-kvinnor-ni-later-som-man\/\" rel=\"nofollow noopener\" target=\"_blank\">sin reflektion <\/a>om \u00e5ldrande kvinnors upptagenhet av sin falnande sk\u00f6nhet. Jag har skrivit n\u00e5gon text om det, om min sorg \u00f6ver \u00e5ldrandet och vad det g\u00f6r med min yta. Om man en g\u00e5ng varit vacker vet man vad sk\u00f6nhet g\u00f6r med andra m\u00e4nniskor, och man l\u00e4r sig att anv\u00e4nda det.<\/p>\n<blockquote><p>Man f\u00e5r anv\u00e4nda de f\u00f6rdelar man har, i en mans v\u00e4rld.<\/p><\/blockquote>\n<p>Ett av de r\u00e5d jag ger unga kvinnor \u00e4r att anv\u00e4nda sitt utseende, helt skaml\u00f6st och ber\u00e4knande. Inget f\u00e5r en man s\u00e5 ur balans som lite hud. Man f\u00e5r anv\u00e4nda de f\u00f6rdelar man har i en mans v\u00e4rld \u2013 och det \u00e4r ju den v\u00e4rld vi lever i, m\u00e4n och kvinnor, och i den v\u00e4rlden \u00e4r sk\u00f6nhet, i all synnerhet kvinnlig sk\u00f6nhet, ett kapital, en maktfaktor.<\/p>\n<p>Men, s\u00e4ger jag till mina yngre v\u00e4ninnor: Om du inte har inre kvaliteter och kunskaper som \u00f6vergl\u00e4nser din blanka f\u00f6rpackning kommer du att avf\u00e4rdas. T\u00e4nk, l\u00e4s, utbilda dig \u2013 och \u00e5ldras med v\u00e4rdighet. K\u00e4mpa inte emot, omfamna det, njut av som <strong>Hannah Arendt<\/strong> skriver i ett brev till sin v\u00e4n <strong>Mary McCarthy<\/strong>, av att vara \u201dfri som ett l\u00f6v i vinden\u201d, befriad fr\u00e5n lojaliteter och krav.<\/p>\n<p>Ann Heberlein \u00e4r f\u00f6rfattare, teologie doktor i etik och kolumnist i Expressen.<\/p>\n<p>L\u00c4S TIDIGARE ARTIKLAR I DEBATTEN<strong>L\u00c4S MER: <\/strong><a href=\"https:\/\/www.expressen.se\/kultur\/marianne-lindberg-de-geer\/snygga-aldre-kvinnor-ni-later-som-man\/\" class=\"\" rel=\"nofollow noopener\" target=\"_blank\">MARIANNE LINDBERG DE GEER: Snygga \u00e4ldre kvinnor \u2013 ni l\u00e5ter som m\u00e4n!<\/a><strong>L\u00c4S MER: <\/strong><a href=\"https:\/\/www.expressen.se\/kultur\/kulturdebatt\/nej-jag-vill-inte-prata--om-mitt-utseende\/\" class=\"\" rel=\"nofollow noopener\" target=\"_blank\">INGER EDELFELDT: Nej, jag vill inte prata  om mitt utseende<\/a>Lyssna p\u00e5 senaste avsnittet av \u201dExpressens bokklubb\u201d<img alt=\"\"\/>Ljudklippet gick inte att spela upp<\/p>\n<p>F\u00f6rs\u00f6k igen senare<\/p>\n","protected":false},"excerpt":{"rendered":"Publicerad 26 mar 2026 kl 05.00 Varf\u00f6r \u00e4r vi s\u00e5 upptagna av v\u00e5r falnande sk\u00f6nhet? Ann Heberlein svarar&hellip;\n","protected":false},"author":2,"featured_media":200835,"comment_status":"","ping_status":"","sticky":false,"template":"","format":"standard","meta":{"footnotes":"","_share_on_mastodon":"0"},"categories":[67],"tags":[104,3755,3796,12450,34,106,31,33,32,30,105],"class_list":["post-200834","post","type-post","status-publish","format-standard","has-post-thumbnail","category-underhallning","tag-entertainment","tag-organization-expressen-kultur","tag-person-ann-heberlein","tag-person-marianne-lindberg-de-geer","tag-se","tag-sections-ide","tag-svenska","tag-sverige","tag-sweden","tag-swedish","tag-underhallning"],"share_on_mastodon":{"url":"https:\/\/pubeurope.com\/@se\/116293805237931910","error":""},"_links":{"self":[{"href":"https:\/\/www.europesays.com\/se\/wp-json\/wp\/v2\/posts\/200834","targetHints":{"allow":["GET"]}}],"collection":[{"href":"https:\/\/www.europesays.com\/se\/wp-json\/wp\/v2\/posts"}],"about":[{"href":"https:\/\/www.europesays.com\/se\/wp-json\/wp\/v2\/types\/post"}],"author":[{"embeddable":true,"href":"https:\/\/www.europesays.com\/se\/wp-json\/wp\/v2\/users\/2"}],"replies":[{"embeddable":true,"href":"https:\/\/www.europesays.com\/se\/wp-json\/wp\/v2\/comments?post=200834"}],"version-history":[{"count":0,"href":"https:\/\/www.europesays.com\/se\/wp-json\/wp\/v2\/posts\/200834\/revisions"}],"wp:featuredmedia":[{"embeddable":true,"href":"https:\/\/www.europesays.com\/se\/wp-json\/wp\/v2\/media\/200835"}],"wp:attachment":[{"href":"https:\/\/www.europesays.com\/se\/wp-json\/wp\/v2\/media?parent=200834"}],"wp:term":[{"taxonomy":"category","embeddable":true,"href":"https:\/\/www.europesays.com\/se\/wp-json\/wp\/v2\/categories?post=200834"},{"taxonomy":"post_tag","embeddable":true,"href":"https:\/\/www.europesays.com\/se\/wp-json\/wp\/v2\/tags?post=200834"}],"curies":[{"name":"wp","href":"https:\/\/api.w.org\/{rel}","templated":true}]}}