{"id":201015,"date":"2026-03-26T09:04:14","date_gmt":"2026-03-26T09:04:14","guid":{"rendered":"https:\/\/www.europesays.com\/se\/201015\/"},"modified":"2026-03-26T09:04:14","modified_gmt":"2026-03-26T09:04:14","slug":"viktigaste-nyheterna-pa-tre-minuter-13","status":"publish","type":"post","link":"https:\/\/www.europesays.com\/se\/201015\/","title":{"rendered":"Viktigaste nyheterna p\u00e5 tre minuter"},"content":{"rendered":"<p>Regeringen skjuter upp inf\u00f6randet av EU:s l\u00f6netransparensdirektiv som ska st\u00e4rka principen om j\u00e4mst\u00e4llda l\u00f6ner, rapporterar Altinget. Men enligt uppgifter till Aftonbladet kan lag\u00e4ndringen skrotas helt.<\/p>\n<p>F\u00f6rslaget, som presenterades i januari, har m\u00f6tts av omfattande kritik. <\/p>\n<p>N\u00e4ringslivet menar att det kommer att leda till flera administrativa uppgifter f\u00f6r f\u00f6retag och b\u00e5de SD och S har haft starka inv\u00e4ndningar mot f\u00f6rslaget.<\/p>\n<p>Liberalen Arman Teimouri anm\u00e4ler S-m\u00e4rkta tidningen Aktuellt i politiken (AiP) till Medieombudsmannen, rapporterar TV4 Nyheterna.<\/p>\n<p>Efter Liberalernas landsm\u00f6te i s\u00f6ndags publicerade tidningen en artikel d\u00e4r Teimouri och partikollegan Martin Andreasson beskrevs som \u201dhbtqi-profiler\u201d. Tidningen har kritiserats f\u00f6r att fokusera p\u00e5 personers sexuella l\u00e4ggning.<\/p>\n<p>AiP avf\u00e4rdar kritiken och menar att artikeln handlade om att politikerna \u00e4r \u201dk\u00e4nda f\u00f6r sitt engagemang i hbtqi-fr\u00e5gor\u201d.<\/p>\n<p>Tj\u00e4nstem\u00e4n i Trumpadministrationen r\u00e4knar p\u00e5 oljepris p\u00e5 upp till 200 dollar per fat, enligt uppgifter till Bloomberg.<br \/>Analyser p\u00e5 hur oljepriset kommer att p\u00e5verka ekonomin g\u00f6rs l\u00f6pande och utg\u00f6r ingen prognos, uppger k\u00e4llorna. Syftet \u00e4r i\u202fst\u00e4llet att s\u00e4kerst\u00e4lla beredskap f\u00f6r olika utfall.<\/p>\n<p>Vita huset tillbakavisar uppgifterna. Man menar att man inte analyserat ett oljepris p\u00e5 200 dollar.<\/p>\n<p>Det s\u00e5g l\u00e4nge ut som att kronan var p\u00e5 v\u00e4g tillbaka. Men efter krigsutbrottet i Iran har utvecklingen v\u00e4nt \u2013 och den svenska valutan h\u00f6r nu till de svagaste i Norden. Nu kr\u00e4vs i princip ett mirakel f\u00f6r att v\u00e4nda utvecklingen, menar Danske Banks valutastrateg Stefan Mellin. Men som vanligt finns det tv\u00e5 sidor av myntet. <\/p>\n<p>Hunden har funnits vid m\u00e4nniskans sida 4\u202f000 \u00e5r tidigare \u00e4n vad vi anat. Enligt analyser p\u00e5 forntida DNA som forskare tagit fram, har m\u00e4nniskan haft hund sedan 14\u202f000 \u00e5r tillbaka \u2013 allts\u00e5 under Paleolitikum, n\u00e4r samh\u00e4llet bestod av j\u00e4gare och samlare och d\u00e4r m\u00e4nniskan inte b\u00f6rjat odla \u00e4n. <\/p>\n<p><a target=\"_blank\" rel=\"noreferrer nofollow noopener\" href=\"https:\/\/www.nytimes.com\/2026\/03\/25\/science\/paleontology-humans-dogs-dna.html\" class=\"Text_externalLink__zdh8y\">L\u00e4s mer i New York Times.<\/a><\/p>\n<p>Omni \u00e4r politiskt obundna och oberoende. Vi str\u00e4var efter att ge fler perspektiv p\u00e5 nyheterna. Har du fr\u00e5gor eller synpunkter kring v\u00e5r rapportering? <a href=\"https:\/\/omni.se\/viktigaste-nyheterna-pa-tre-minuter\/a\/mailto:redaktion@omni.se\" class=\"ArticleActions_contactLink__W2F1M\" rel=\"nofollow noopener\" target=\"_blank\">Kontakta redaktionen<\/a><\/p>\n","protected":false},"excerpt":{"rendered":"Regeringen skjuter upp inf\u00f6randet av EU:s l\u00f6netransparensdirektiv som ska st\u00e4rka principen om j\u00e4mst\u00e4llda l\u00f6ner, rapporterar Altinget. Men enligt&hellip;\n","protected":false},"author":2,"featured_media":201016,"comment_status":"","ping_status":"","sticky":false,"template":"","format":"standard","meta":{"footnotes":"","_share_on_mastodon":"0"},"categories":[5],"tags":[22,23,26,27,17,21,24,25,28,29,700,15,16,18,34,31,33,32,30,19,20],"class_list":["post-201015","post","type-post","status-publish","format-standard","has-post-thumbnail","category-rubriker","tag-breaking-news","tag-breakingnews","tag-featured-news","tag-featurednews","tag-headlines","tag-huvudnyheter","tag-latest-news","tag-latestnews","tag-main-news","tag-mainnews","tag-morgonsvepet","tag-news","tag-nyheter","tag-rubriker","tag-se","tag-svenska","tag-sverige","tag-sweden","tag-swedish","tag-top-stories","tag-topstories"],"share_on_mastodon":{"url":"https:\/\/pubeurope.com\/@se\/116294678412284797","error":""},"_links":{"self":[{"href":"https:\/\/www.europesays.com\/se\/wp-json\/wp\/v2\/posts\/201015","targetHints":{"allow":["GET"]}}],"collection":[{"href":"https:\/\/www.europesays.com\/se\/wp-json\/wp\/v2\/posts"}],"about":[{"href":"https:\/\/www.europesays.com\/se\/wp-json\/wp\/v2\/types\/post"}],"author":[{"embeddable":true,"href":"https:\/\/www.europesays.com\/se\/wp-json\/wp\/v2\/users\/2"}],"replies":[{"embeddable":true,"href":"https:\/\/www.europesays.com\/se\/wp-json\/wp\/v2\/comments?post=201015"}],"version-history":[{"count":0,"href":"https:\/\/www.europesays.com\/se\/wp-json\/wp\/v2\/posts\/201015\/revisions"}],"wp:featuredmedia":[{"embeddable":true,"href":"https:\/\/www.europesays.com\/se\/wp-json\/wp\/v2\/media\/201016"}],"wp:attachment":[{"href":"https:\/\/www.europesays.com\/se\/wp-json\/wp\/v2\/media?parent=201015"}],"wp:term":[{"taxonomy":"category","embeddable":true,"href":"https:\/\/www.europesays.com\/se\/wp-json\/wp\/v2\/categories?post=201015"},{"taxonomy":"post_tag","embeddable":true,"href":"https:\/\/www.europesays.com\/se\/wp-json\/wp\/v2\/tags?post=201015"}],"curies":[{"name":"wp","href":"https:\/\/api.w.org\/{rel}","templated":true}]}}