{"id":201377,"date":"2026-03-26T15:11:15","date_gmt":"2026-03-26T15:11:15","guid":{"rendered":"https:\/\/www.europesays.com\/se\/201377\/"},"modified":"2026-03-26T15:11:15","modified_gmt":"2026-03-26T15:11:15","slug":"ida-lova-klar-for-sommarfest-i-strangnas","status":"publish","type":"post","link":"https:\/\/www.europesays.com\/se\/201377\/","title":{"rendered":"Ida-Lova klar f\u00f6r Sommarfest i Str\u00e4ngn\u00e4s"},"content":{"rendered":"<p class=\"font-normal\">Musikfestivalen h\u00e5lls fredagen den 5 juni p\u00e5 Visholmen i Str\u00e4ngn\u00e4s. P\u00e5 stora scen st\u00e5r Ida-Lova, som p\u00e5 kort tid etablerat sig som artist och l\u00e5tskrivare inom svensk pop.<\/p>\n<p class=\"font-normal\">\u2013 Vi \u00e4r s\u00e5 glada att Ida-Lova kommer till Sommarfest i Str\u00e4ngn\u00e4s. Hon \u00e4r sj\u00e4lv ung och det k\u00e4nns roligt och viktigt att det \u00e4r unga som st\u00e5r b\u00e5de i publiken och p\u00e5 scenen, s\u00e4ger Johanna Nyberg som \u00e4r projektledare f\u00f6r Sommarfest i Str\u00e4ngn\u00e4s.<\/p>\n<p class=\"font-normal\">Sommarfest arrangeras f\u00f6r fj\u00e4rde \u00e5ret i rad av Str\u00e4ngn\u00e4s kommun. F\u00f6rra \u00e5ret lockade festivalen 20 000 bes\u00f6kare och det blev en riktigt bra start p\u00e5 sommaren f\u00f6r kommunens ungdomar.<\/p>\n<p><strong>Aktuell med nytt album<\/strong><\/p>\n<p class=\"font-normal\">Ida-Lova Lind har vetat sedan barnsben att hon ska bli artist. Hon b\u00f6rjade sl\u00e4ppa musik redan som tolv\u00e5ring, men det stora genombrottet kom v\u00e5ren 2025 med l\u00e5ten Svagare \u00e4n jag. Hon skrev den sj\u00e4lv hemma med sin gitarr utifr\u00e5n sina dagboksanteckningar. Den blev snabbt en hit i Sverige och Norge med \u00f6ver 36 miljoner str\u00f6mningar och uts\u00e5gs till \u00c5rets l\u00e5t p\u00e5 Svensktoppen.<\/p>\n<p class=\"font-normal\">Nu \u00e4r den 21-\u00e5riga artisten fr\u00e5n Stockholm h\u00f6gaktuell med debutalbumet Livet kommer d\u00f6da oss, vi lever det \u00e4nd\u00e5. Albumet inneh\u00e5ller tretton l\u00e5tar som hon skrivit sj\u00e4lv och producerat tillsammans med Joakim Buddee och Ivan Kinell. Albumet \u00e4r medryckande och peppigt med l\u00e5tar som har melodi\u00f6sa refr\u00e4nger med drabbande avgrundsm\u00f6rka texter.<\/p>\n<p class=\"font-normal\">Sex av l\u00e5tarna har redan sl\u00e4ppts som singlar, och de \u00e5terst\u00e5ende sl\u00e4pps den 16 april. Under sommaren g\u00f6r Ida-Lova flera spelningar och festivalframtr\u00e4danden. Ett av de f\u00f6rsta stoppen blir Sommarfest i Str\u00e4ngn\u00e4s.<\/p>\n","protected":false},"excerpt":{"rendered":"Musikfestivalen h\u00e5lls fredagen den 5 juni p\u00e5 Visholmen i Str\u00e4ngn\u00e4s. P\u00e5 stora scen st\u00e5r Ida-Lova, som p\u00e5 kort&hellip;\n","protected":false},"author":2,"featured_media":201378,"comment_status":"","ping_status":"","sticky":false,"template":"","format":"standard","meta":{"footnotes":"","_share_on_mastodon":"0"},"categories":[67],"tags":[104,34,1546,31,33,32,30,105],"class_list":["post-201377","post","type-post","status-publish","format-standard","has-post-thumbnail","category-underhallning","tag-entertainment","tag-se","tag-strangnas","tag-svenska","tag-sverige","tag-sweden","tag-swedish","tag-underhallning"],"share_on_mastodon":{"url":"https:\/\/pubeurope.com\/@se\/116296121199216947","error":""},"_links":{"self":[{"href":"https:\/\/www.europesays.com\/se\/wp-json\/wp\/v2\/posts\/201377","targetHints":{"allow":["GET"]}}],"collection":[{"href":"https:\/\/www.europesays.com\/se\/wp-json\/wp\/v2\/posts"}],"about":[{"href":"https:\/\/www.europesays.com\/se\/wp-json\/wp\/v2\/types\/post"}],"author":[{"embeddable":true,"href":"https:\/\/www.europesays.com\/se\/wp-json\/wp\/v2\/users\/2"}],"replies":[{"embeddable":true,"href":"https:\/\/www.europesays.com\/se\/wp-json\/wp\/v2\/comments?post=201377"}],"version-history":[{"count":0,"href":"https:\/\/www.europesays.com\/se\/wp-json\/wp\/v2\/posts\/201377\/revisions"}],"wp:featuredmedia":[{"embeddable":true,"href":"https:\/\/www.europesays.com\/se\/wp-json\/wp\/v2\/media\/201378"}],"wp:attachment":[{"href":"https:\/\/www.europesays.com\/se\/wp-json\/wp\/v2\/media?parent=201377"}],"wp:term":[{"taxonomy":"category","embeddable":true,"href":"https:\/\/www.europesays.com\/se\/wp-json\/wp\/v2\/categories?post=201377"},{"taxonomy":"post_tag","embeddable":true,"href":"https:\/\/www.europesays.com\/se\/wp-json\/wp\/v2\/tags?post=201377"}],"curies":[{"name":"wp","href":"https:\/\/api.w.org\/{rel}","templated":true}]}}