{"id":202745,"date":"2026-03-28T05:57:13","date_gmt":"2026-03-28T05:57:13","guid":{"rendered":"https:\/\/www.europesays.com\/se\/202745\/"},"modified":"2026-03-28T05:57:13","modified_gmt":"2026-03-28T05:57:13","slug":"forssells-arliga-ord-om-uppbrottet-fran-settman","status":"publish","type":"post","link":"https:\/\/www.europesays.com\/se\/202745\/","title":{"rendered":"Forssells \u00e4rliga ord om uppbrottet fr\u00e5n Settman"},"content":{"rendered":"<p>Publicerad 28 mar 2026 kl 06.30<\/p>\n<p>Under 90-talet var Gry Forssell och Peter Settman tv-v\u00e4rldens it-par.<\/p>\n<p>I en intervju med <a href=\"https:\/\/www.hant.se\/noje\/gry-forssell-om-uppbrottet-fran-peter-settman-darfor-gjorde-de-slut\/11318573\" rel=\"nofollow noopener\" target=\"_blank\">H\u00e4nt<\/a> ber\u00e4ttar Forssell nu varf\u00f6r relationen tog slut.\u00a0<\/p>\n<p>\u2013 Det var nog ganska \u00f6msesidigt, s\u00e4ger radioprofilen.\u00a0<\/p>\n<p><img   alt=\"\"\/><\/p>\n<p>I en intervju med H\u00e4nt ber\u00e4ttar Gry Forssell om varf\u00f6r det tog slut med Settman.<\/p>\n<p>Foto: OLLE SPORRONG<\/p>\n<p>\u00d6ppna bild i helsk\u00e4rm<img loading=\"lazy\"   alt=\"\"\/><\/p>\n<p>Sk\u00e5despelaren Peter Settman.<\/p>\n<p>Foto: HENRIK MONTGOMERY \/ TT NYHETSBYR\u00c5N<\/p>\n<p>\u00d6ppna bild i helsk\u00e4rm<\/p>\n<p>Radio- och tv-profilen <a href=\"https:\/\/www.expressen.se\/tagg\/person\/gry-forssell\/\" class=\"\" rel=\"nofollow noopener\" target=\"_blank\">Gry Forssell<\/a>, 53, \u00e4r sedan 2007 lyckligt gift med maken Alex Kossek, 47 \u2013 men under 90-talet hade hon en romans med sk\u00e5despelaren Peter Settman, 57.<\/p>\n<p>Det har g\u00e5tt m\u00e5nga \u00e5r sedan dess, men i en intervju med H\u00e4nt kommer deras relationen p\u00e5 tal igen.<\/p>\n<p>I intervjun ber\u00e4ttar radioprofilen varf\u00f6r det tog slut mellan dem.<\/p>\n<p>\u2013 Det var nog ganska \u00f6msesidigt. Vi v\u00e4xte v\u00e4l ifr\u00e5n varandra som man brukar s\u00e4ga, s\u00e4ger Gry Forssell till H\u00e4nt.<\/p>\n<p>Gry Forssell: \u201dAldrig haft n\u00e5got otalt\u201d<\/p>\n<p>Gry Forssell konstaterar att relationen till Peter Settman i dag \u00e4r god.<\/p>\n<p>\u2013 Nu \u00e4r det friktionsfritt. Jag tycker han \u00e4r toppen! Jag blir j\u00e4tteglad n\u00e4r vi tr\u00e4ffas. Det \u00e4r inte s\u00e5 att vi h\u00f6rs konstant, men n\u00e4r vi ses \u00e4r det j\u00e4ttel\u00e4tt. Vi har aldrig haft n\u00e5got otalt, s\u00e4ger hon till H\u00e4nt.<\/p>\n<p>I dag lever Forssell ihop med maken Alex, deras tv\u00e5 barn och hunden Bosse.<\/p>\n","protected":false},"excerpt":{"rendered":"Publicerad 28 mar 2026 kl 06.30 Under 90-talet var Gry Forssell och Peter Settman tv-v\u00e4rldens it-par. I en&hellip;\n","protected":false},"author":2,"featured_media":202746,"comment_status":"","ping_status":"","sticky":false,"template":"","format":"standard","meta":{"footnotes":"","_share_on_mastodon":"0"},"categories":[67],"tags":[104,3269,34,31,33,32,30,310,547,105],"class_list":["post-202745","post","type-post","status-publish","format-standard","has-post-thumbnail","category-underhallning","tag-entertainment","tag-person-gry-forssell","tag-se","tag-svenska","tag-sverige","tag-sweden","tag-swedish","tag-topic-kandisar","tag-topic-karlek-relationer","tag-underhallning"],"share_on_mastodon":{"url":"https:\/\/pubeurope.com\/@se\/116305267462483153","error":""},"_links":{"self":[{"href":"https:\/\/www.europesays.com\/se\/wp-json\/wp\/v2\/posts\/202745","targetHints":{"allow":["GET"]}}],"collection":[{"href":"https:\/\/www.europesays.com\/se\/wp-json\/wp\/v2\/posts"}],"about":[{"href":"https:\/\/www.europesays.com\/se\/wp-json\/wp\/v2\/types\/post"}],"author":[{"embeddable":true,"href":"https:\/\/www.europesays.com\/se\/wp-json\/wp\/v2\/users\/2"}],"replies":[{"embeddable":true,"href":"https:\/\/www.europesays.com\/se\/wp-json\/wp\/v2\/comments?post=202745"}],"version-history":[{"count":0,"href":"https:\/\/www.europesays.com\/se\/wp-json\/wp\/v2\/posts\/202745\/revisions"}],"wp:featuredmedia":[{"embeddable":true,"href":"https:\/\/www.europesays.com\/se\/wp-json\/wp\/v2\/media\/202746"}],"wp:attachment":[{"href":"https:\/\/www.europesays.com\/se\/wp-json\/wp\/v2\/media?parent=202745"}],"wp:term":[{"taxonomy":"category","embeddable":true,"href":"https:\/\/www.europesays.com\/se\/wp-json\/wp\/v2\/categories?post=202745"},{"taxonomy":"post_tag","embeddable":true,"href":"https:\/\/www.europesays.com\/se\/wp-json\/wp\/v2\/tags?post=202745"}],"curies":[{"name":"wp","href":"https:\/\/api.w.org\/{rel}","templated":true}]}}