{"id":20285,"date":"2025-09-02T16:23:11","date_gmt":"2025-09-02T16:23:11","guid":{"rendered":"https:\/\/www.europesays.com\/se\/20285\/"},"modified":"2025-09-02T16:23:11","modified_gmt":"2025-09-02T16:23:11","slug":"litauiske-hockeylegendaren-mindaugas-kieras-dod-i-tragisk-olycka","status":"publish","type":"post","link":"https:\/\/www.europesays.com\/se\/20285\/","title":{"rendered":"Litauiske hockeylegendaren Mindaugas Kieras d\u00f6d\u00a0i tragisk olycka"},"content":{"rendered":"<p><strong>Den litausiska f\u00f6re detta hockeyspelaren Mindaugas Kieras har d\u00f6tt i en olycka \u2013\u00a0bara 45 \u00e5r gammal. <\/strong><br \/><strong>Olyckan ska ha intr\u00e4ffat under helgen i samband med en familjesemester.<\/strong><br \/><strong>\u2013 Vi \u00e4r alla trasiga inombords, s\u00e4ger Kieras n\u00e4ra v\u00e4n \u0160ar\u016bnas Kulie\u0161ius.<\/strong><\/p>\n<p><img loading=\"lazy\" decoding=\"async\" width=\"1024\" height=\"658\" src=\"https:\/\/www.europesays.com\/se\/wp-content\/uploads\/2025\/09\/Kieras-4-1024x658.webp.webp\" alt=\"\" class=\"wp-image-300966\"  \/>Mindaugas Kieras.<br \/>Foto: Instagram<\/p>\n<p>Den litauiska f\u00f6rsvararen Mindaugas Kieras uppges ha omkommit efter en olycka under en familjesemester. D\u00f6dsolyckan ska ha skett under helgen och litauisk polis har \u00e4nnu inte kunnat fastst\u00e4lla d\u00f6dsorsaken, detta rapporterar den litauiska public service-kanalen <a href=\"https:\/\/www.lrt.lt\/naujienos\/sportas\/10\/2661182\/paaiskejo-kiero-mirties-aplinkybes-zuvo-nuo-lieptelio-sokdamas-i-vandeni\" rel=\"nofollow noopener\" target=\"_blank\">lrt<\/a>.<\/p>\n<p>Efter att Kieras d\u00f6d offentliggjorts har Litauens president Gitanas Naus\u0117da och Vilnius borgm\u00e4stare Valdas Benkunskas g\u00e5tt ut med kondoleanser till den f\u00f6re detta landslagsspelaren. \u00c4ven inhemska och utl\u00e4ndska klubbar som backen representerat har uttryckt sitt st\u00f6d till Kieras familj.<\/p>\n<p>\u201dMen som ni f\u00f6rst\u00e5r, \u00e4r vi alla trasiga inombords\u201d<\/p>\n<p>Kieras p\u00e5b\u00f6rjade sin proffskarri\u00e4r i Energija Elektrenai och skulle senare komma till spel i Belarus, Skottland och England. Han \u00e4r ocks\u00e5 den spelare som gjort flest framtr\u00e4danden i det litauiska landslaget.<\/p>\n<p>\u0160ar\u016bnas Kulie\u0161ius, som var en n\u00e4ra v\u00e4n till Kieras, ber\u00e4ttade f\u00f6r lrt att det kommer anordnas en minnesmatch f\u00f6r Mindaugas Kieras.<\/p>\n<p>\u2013 Vi m\u00e5ste organisera det, vi kan inte g\u00f6ra annat. Men som ni f\u00f6rst\u00e5r, \u00e4r vi alla trasiga inombords, s\u00e4ger Kulie\u0161ius.<\/p>\n","protected":false},"excerpt":{"rendered":"Den litausiska f\u00f6re detta hockeyspelaren Mindaugas Kieras har d\u00f6tt i en olycka \u2013\u00a0bara 45 \u00e5r gammal. Olyckan ska&hellip;\n","protected":false},"author":2,"featured_media":20286,"comment_status":"","ping_status":"","sticky":false,"template":"","format":"standard","meta":{"footnotes":""},"categories":[5],"tags":[22,23,26,27,17,21,24,25,28,29,15,16,18,34,133,31,33,32,30,19,20],"class_list":{"0":"post-20285","1":"post","2":"type-post","3":"status-publish","4":"format-standard","5":"has-post-thumbnail","7":"category-rubriker","8":"tag-breaking-news","9":"tag-breakingnews","10":"tag-featured-news","11":"tag-featurednews","12":"tag-headlines","13":"tag-huvudnyheter","14":"tag-latest-news","15":"tag-latestnews","16":"tag-main-news","17":"tag-mainnews","18":"tag-news","19":"tag-nyheter","20":"tag-rubriker","21":"tag-se","22":"tag-second-news","23":"tag-svenska","24":"tag-sverige","25":"tag-sweden","26":"tag-swedish","27":"tag-top-stories","28":"tag-topstories"},"share_on_mastodon":{"url":"","error":""},"_links":{"self":[{"href":"https:\/\/www.europesays.com\/se\/wp-json\/wp\/v2\/posts\/20285","targetHints":{"allow":["GET"]}}],"collection":[{"href":"https:\/\/www.europesays.com\/se\/wp-json\/wp\/v2\/posts"}],"about":[{"href":"https:\/\/www.europesays.com\/se\/wp-json\/wp\/v2\/types\/post"}],"author":[{"embeddable":true,"href":"https:\/\/www.europesays.com\/se\/wp-json\/wp\/v2\/users\/2"}],"replies":[{"embeddable":true,"href":"https:\/\/www.europesays.com\/se\/wp-json\/wp\/v2\/comments?post=20285"}],"version-history":[{"count":0,"href":"https:\/\/www.europesays.com\/se\/wp-json\/wp\/v2\/posts\/20285\/revisions"}],"wp:featuredmedia":[{"embeddable":true,"href":"https:\/\/www.europesays.com\/se\/wp-json\/wp\/v2\/media\/20286"}],"wp:attachment":[{"href":"https:\/\/www.europesays.com\/se\/wp-json\/wp\/v2\/media?parent=20285"}],"wp:term":[{"taxonomy":"category","embeddable":true,"href":"https:\/\/www.europesays.com\/se\/wp-json\/wp\/v2\/categories?post=20285"},{"taxonomy":"post_tag","embeddable":true,"href":"https:\/\/www.europesays.com\/se\/wp-json\/wp\/v2\/tags?post=20285"}],"curies":[{"name":"wp","href":"https:\/\/api.w.org\/{rel}","templated":true}]}}