{"id":202939,"date":"2026-03-28T10:10:30","date_gmt":"2026-03-28T10:10:30","guid":{"rendered":"https:\/\/www.europesays.com\/se\/202939\/"},"modified":"2026-03-28T10:10:30","modified_gmt":"2026-03-28T10:10:30","slug":"varfor-vill-parisa-liljestrand-bara-prata-om-hundar","status":"publish","type":"post","link":"https:\/\/www.europesays.com\/se\/202939\/","title":{"rendered":"Varf\u00f6r vill Parisa Liljestrand bara prata om hundar?"},"content":{"rendered":"<p>Uppdaterad 26 mar 2026 kl 15.47Publicerad 26 mar 2026 kl 14.00<\/p>\n<p>Parisa Liljestrand tackar nej till kulturtidskrifter, men medverkar i tr\u00e4nings- och hundpoddar.<\/p>\n<p>Susanne Claesson, chefredakt\u00f6r p\u00e5 Magasin K, tycker att detta duckande b\u00f6rjar bli ett demokratiskt problem.<\/p>\n<p><img   alt=\"\"\/><\/p>\n<p>Kulturminister Parisa Liljestrand har ett sp\u00e4ckat schema.<\/p>\n<p>Foto: Lars Schr\u00f6der\/ TT NYHETSBYR\u00c5N<\/p>\n<p>\u00d6ppna bild i helsk\u00e4rm<img loading=\"lazy\"   alt=\"\"\/><\/p>\n<p>Tr\u00e4nings- och hundpoddar hinns dock med.<\/p>\n<p>Foto: Robin B\u00e4ckman<\/p>\n<p>\u00d6ppna bild i helsk\u00e4rm<\/p>\n<p><strong>KULTURDEBATT. <\/strong>V\u00e5ren 2023 fr\u00e5gade vi p\u00e5 Magasin K den d\u00e5 ganska ok\u00e4nda <strong>Parisa Liljestrand<\/strong> (M) om en intervju p\u00e5 20 minuter. Magasin K \u00e4r en mindre men spetsig tidning med fokus p\u00e5 bibliotek, museer och kulturpolitik och vi ville ha det nya statsr\u00e5dets syn p\u00e5 kultursektorns villkor. Svaret blev nej, det fanns inte tid.\u00a0<\/p>\n<p>Klipp till h\u00f6sten 2025 och ett nytt offentligt kulturlandskap. Parisa Liljestrand har nu drivit igenom flera f\u00f6r\u00e4ndringar: breddad finansiering, nedlagda kulturmyndigheter, kulturkanonprojektet och en <a href=\"https:\/\/magasink.se\/2025\/09\/kulturbudgeten-2026-nu-lagsta-andelen-sedan-2000\/\" rel=\"nofollow noopener\" target=\"_blank\">historiskt l\u00e5g budgetandel till kulturen.<\/a> F\u00f6r\u00e4ndringar som i direkt led p\u00e5verkar v\u00e5ra l\u00e4sare som arbetar i kultursektorn.\u00a0<\/p>\n<p><a href=\"https:\/\/www.instagram.com\/p\/DQ_85DbDAYk\/\" data-provider=\"instagram\" class=\"js-social-embed\" rel=\"nofollow noopener\" target=\"_blank\">https:\/\/www.instagram.com\/p\/DQ_85DbDAYk\/<\/a><\/p>\n<p>Vi h\u00f6r av oss igen med en f\u00f6rfr\u00e5gan om en l\u00e4ngre intervju. Vi p\u00e5minner i tre m\u00e5nader. Under den tiden medverkar <a href=\"https:\/\/www.expressen.se\/tagg\/person\/parisa-liljestrand\/\" class=\"\" rel=\"nofollow noopener\" target=\"_blank\">Parisa Liljestrand<\/a> bland annat i en hundpodd, en tr\u00e4ningspodd och i ett finst\u00e4mt TV4-reportage om uppv\u00e4xten i Surahammar. Kulturpolitiken avhandlas i Moderaternas egen podd, klippen delas p\u00e5 Instagram. I slutet p\u00e5 januari kommer svaret fr\u00e5n pressekreteraren: det finns inte tid i kalendern.\u00a0<\/p>\n<blockquote><p>Parisa Liljestrand \u00e4r den tyngsta makthavaren i Kultursverige men vill inte l\u00e5ta sig intervjuas i en kulturtidning.<\/p><\/blockquote>\n<p>Det \u00e4r f\u00f6rst\u00e5eligt att en kulturminister har ett sp\u00e4ckat schema. Som mindre nischtidning f\u00f6rv\u00e4ntar vi oss inte heller o\u00e4ndlig tillg\u00e5ng till statsr\u00e5den. Vi f\u00e5r ocks\u00e5 korta, skriftliga kommentarer som ofta fyller sin funktion i nyhetsfl\u00f6det. Men det \u00e4r problematiskt att kulturministern inte verkar vilja f\u00e5 fr\u00e5gor fr\u00e5n insatta specialreportrar och att hon tydligt prioriterar sn\u00e4llare sammanhang. Parisa Liljestrand \u00e4r den tyngsta makthavaren i Kultursverige men vill inte l\u00e5ta sig intervjuas i en kulturtidning.\u00a0<\/p>\n<p>Vi \u00e4r inte ensamma om att f\u00e5 nej. Andra nischtidningar vittnar om uteblivna svar och <a href=\"https:\/\/www.journalisten.se\/nyheter\/kulturministern-har-inte-tid-for-nischtidskrifter-prioriterar-hund-och-traningspoddar\/\" rel=\"nofollow noopener\" target=\"_blank\">duckade intervjuf\u00f6rfr\u00e5gningar<\/a> fr\u00e5n regeringen. Det blir ett demokratiskt problem om det \u00e4r hundpoddarna som f\u00e5r tillg\u00e5ng till v\u00e5ra ministrar. Om det bara \u00e4r politikernas kurerade budskap som f\u00e5r ta plats och att journalistiskt arbete tr\u00e4ngs ut av content.\u00a0<\/p>\n<p>Att sitta ner med en reporter handlar inte per automatik om att st\u00e4llas mot v\u00e4ggen utan om v\u00e4ldigt enkla saker, som att f\u00e5 f\u00f6ljdfr\u00e5gor och att utveckla resonemang om politiska v\u00e4gval.<\/p>\n<p>En helt vanlig hederlig intervju allts\u00e5, ska det vara s\u00e5 sv\u00e5rt?<\/p>\n<p><strong>Av Susanne Claesson<\/strong><\/p>\n<p>Susanne Claesson \u00e4r chefredakt\u00f6r f\u00f6r Magasin K<\/p>\n<p><script async src=\"\/\/www.instagram.com\/embed.js\"><\/script><\/p>\n","protected":false},"excerpt":{"rendered":"Uppdaterad 26 mar 2026 kl 15.47Publicerad 26 mar 2026 kl 14.00 Parisa Liljestrand tackar nej till kulturtidskrifter, men&hellip;\n","protected":false},"author":2,"featured_media":202940,"comment_status":"","ping_status":"","sticky":false,"template":"","format":"standard","meta":{"footnotes":"","_share_on_mastodon":"0"},"categories":[12],"tags":[22,23,26,27,17,21,24,25,28,29,15,16,42,2181,18,34,106,31,33,32,30,19,205,20],"class_list":["post-202939","post","type-post","status-publish","format-standard","has-post-thumbnail","category-sverige","tag-breaking-news","tag-breakingnews","tag-featured-news","tag-featurednews","tag-headlines","tag-huvudnyheter","tag-latest-news","tag-latestnews","tag-main-news","tag-mainnews","tag-news","tag-nyheter","tag-organization-moderaterna","tag-person-parisa-liljestrand","tag-rubriker","tag-se","tag-sections-ide","tag-svenska","tag-sverige","tag-sweden","tag-swedish","tag-top-stories","tag-topic-journalistik-medier","tag-topstories"],"share_on_mastodon":{"url":"https:\/\/pubeurope.com\/@se\/116306262500295200","error":""},"_links":{"self":[{"href":"https:\/\/www.europesays.com\/se\/wp-json\/wp\/v2\/posts\/202939","targetHints":{"allow":["GET"]}}],"collection":[{"href":"https:\/\/www.europesays.com\/se\/wp-json\/wp\/v2\/posts"}],"about":[{"href":"https:\/\/www.europesays.com\/se\/wp-json\/wp\/v2\/types\/post"}],"author":[{"embeddable":true,"href":"https:\/\/www.europesays.com\/se\/wp-json\/wp\/v2\/users\/2"}],"replies":[{"embeddable":true,"href":"https:\/\/www.europesays.com\/se\/wp-json\/wp\/v2\/comments?post=202939"}],"version-history":[{"count":0,"href":"https:\/\/www.europesays.com\/se\/wp-json\/wp\/v2\/posts\/202939\/revisions"}],"wp:featuredmedia":[{"embeddable":true,"href":"https:\/\/www.europesays.com\/se\/wp-json\/wp\/v2\/media\/202940"}],"wp:attachment":[{"href":"https:\/\/www.europesays.com\/se\/wp-json\/wp\/v2\/media?parent=202939"}],"wp:term":[{"taxonomy":"category","embeddable":true,"href":"https:\/\/www.europesays.com\/se\/wp-json\/wp\/v2\/categories?post=202939"},{"taxonomy":"post_tag","embeddable":true,"href":"https:\/\/www.europesays.com\/se\/wp-json\/wp\/v2\/tags?post=202939"}],"curies":[{"name":"wp","href":"https:\/\/api.w.org\/{rel}","templated":true}]}}