{"id":20316,"date":"2025-09-02T16:58:08","date_gmt":"2025-09-02T16:58:08","guid":{"rendered":"https:\/\/www.europesays.com\/se\/20316\/"},"modified":"2025-09-02T16:58:08","modified_gmt":"2025-09-02T16:58:08","slug":"efter-kontroversen-ymer-tackar-nej-till-dc-spel-tennis","status":"publish","type":"post","link":"https:\/\/www.europesays.com\/se\/20316\/","title":{"rendered":"Efter kontroversen \u2013 Ymer tackar nej till DC-spel | Tennis"},"content":{"rendered":"<p>Publicerad 2 sep 2025 kl 17.29Uppdaterad kl 17.57<\/p>\n<p>Elias Ymer, som \u00e4r Sveriges h\u00f6gst rankade herrspelare, tackar nej till spel i Davis Cup n\u00e4r Sverige m\u00f6ter Tunisien i Partille arena den 12\u201313 september, meddelar Svenska tennisf\u00f6rbundet i ett pressmeddelande.<\/p>\n<p><img   alt=\"\"\/><\/p>\n<p>Elias Ymer.<\/p>\n<p>Foto: NICLAS J\u00d6NSSON \/ BILDBYR\u00c5N<\/p>\n<p>\u00d6ppna bild i helsk\u00e4rm<\/p>\n<p>N\u00e4r Sverige m\u00f6tte Australien i januari petades <a href=\"https:\/\/www.expressen.se\/tagg\/person\/elias-ymer\/\" class=\"\" rel=\"nofollow noopener\" target=\"_blank\">Elias Ymer<\/a> fr\u00e5n truppen. Detta eftersom han ville ha med sig sin egen tr\u00e4nare, n\u00e5got som stred mot lagets uppsatta regler.<\/p>\n<p>\u201dJag och f\u00f6rbundskaptenen hade olika syn p\u00e5 hur min uppladdning skulle se ut. Jag \u00e4r s\u00e4ker p\u00e5 att med pyttelite flexibilitet hade vi kunnat l\u00f6sa detta \u2013 det \u00e4r egentligen inte en stor sak\u201d, skrev Elias Ymer p\u00e5 Instagram d\u00e5.<\/p>\n<p>Denna g\u00e5ng har han tackat nej till spel. Davis Cup-kaptenen Simon Aspelin m\u00f6nstrar f\u00f6ljande lag mot Tunisien: Mikael Ymer, Olle Wallin, Leo Borg, Erik Grevelius och Andr\u00e9 G\u00f6ransson.<\/p>\n","protected":false},"excerpt":{"rendered":"Publicerad 2 sep 2025 kl 17.29Uppdaterad kl 17.57 Elias Ymer, som \u00e4r Sveriges h\u00f6gst rankade herrspelare, tackar nej&hellip;\n","protected":false},"author":2,"featured_media":20317,"comment_status":"","ping_status":"","sticky":false,"template":"","format":"standard","meta":{"footnotes":""},"categories":[68],"tags":[2539,34,307,111,110,31,33,32,30],"class_list":{"0":"post-20316","1":"post","2":"type-post","3":"status-publish","4":"format-standard","5":"has-post-thumbnail","7":"category-sport","8":"tag-person-elias-ymer","9":"tag-se","10":"tag-sections-tennis","11":"tag-sport","12":"tag-sports","13":"tag-svenska","14":"tag-sverige","15":"tag-sweden","16":"tag-swedish"},"share_on_mastodon":{"url":"","error":""},"_links":{"self":[{"href":"https:\/\/www.europesays.com\/se\/wp-json\/wp\/v2\/posts\/20316","targetHints":{"allow":["GET"]}}],"collection":[{"href":"https:\/\/www.europesays.com\/se\/wp-json\/wp\/v2\/posts"}],"about":[{"href":"https:\/\/www.europesays.com\/se\/wp-json\/wp\/v2\/types\/post"}],"author":[{"embeddable":true,"href":"https:\/\/www.europesays.com\/se\/wp-json\/wp\/v2\/users\/2"}],"replies":[{"embeddable":true,"href":"https:\/\/www.europesays.com\/se\/wp-json\/wp\/v2\/comments?post=20316"}],"version-history":[{"count":0,"href":"https:\/\/www.europesays.com\/se\/wp-json\/wp\/v2\/posts\/20316\/revisions"}],"wp:featuredmedia":[{"embeddable":true,"href":"https:\/\/www.europesays.com\/se\/wp-json\/wp\/v2\/media\/20317"}],"wp:attachment":[{"href":"https:\/\/www.europesays.com\/se\/wp-json\/wp\/v2\/media?parent=20316"}],"wp:term":[{"taxonomy":"category","embeddable":true,"href":"https:\/\/www.europesays.com\/se\/wp-json\/wp\/v2\/categories?post=20316"},{"taxonomy":"post_tag","embeddable":true,"href":"https:\/\/www.europesays.com\/se\/wp-json\/wp\/v2\/tags?post=20316"}],"curies":[{"name":"wp","href":"https:\/\/api.w.org\/{rel}","templated":true}]}}