{"id":20318,"date":"2025-09-02T17:01:07","date_gmt":"2025-09-02T17:01:07","guid":{"rendered":"https:\/\/www.europesays.com\/se\/20318\/"},"modified":"2025-09-02T17:01:07","modified_gmt":"2025-09-02T17:01:07","slug":"swedbank-sanker-maxgransen-for-swish","status":"publish","type":"post","link":"https:\/\/www.europesays.com\/se\/20318\/","title":{"rendered":"Swedbank s\u00e4nker maxgr\u00e4nsen f\u00f6r Swish"},"content":{"rendered":"<p>Publicerad 2 sep 2025 kl 18.11Uppdaterad kl 18.21<\/p>\n<p>\u00c4r du en \u201dbig spender\u201d med Swish?\u00a0<\/p>\n<p>Nu blir det sv\u00e5rare att k\u00f6pa riktigt dyra grejer med appen \u2013 i alla fall om du \u00e4r kund hos Swedbank.<\/p>\n<p>Nu s\u00e4nker banken taket f\u00f6r maxbeloppet.<\/p>\n<p>Di TV ger dig de b\u00e4sta analyserna och hetaste aktietipsen.<img loading=\"lazy\"   alt=\"\"\/><\/p>\n<p>Swedbank s\u00e4nker maxgr\u00e4nsen f\u00f6r \u00f6verf\u00f6ringar med appen Swish.<\/p>\n<p>Foto: SARA DAMNE\/BILDBYR\u00c5N<\/p>\n<p>\u00d6ppna bild i helsk\u00e4rm<img loading=\"lazy\"   alt=\"\"\/><\/p>\n<p>Tanken \u00e4r att f\u00f6rsv\u00e5ra f\u00f6r bedragare.<\/p>\n<p>Foto: Henrik Montgomery\/TT<\/p>\n<p>\u00d6ppna bild i helsk\u00e4rm<\/p>\n<p>Swedbank g\u00f6r om reglerna f\u00f6r <a href=\"https:\/\/www.expressen.se\/tagg\/organization\/swish\/\" class=\"\" rel=\"nofollow noopener\" target=\"_blank\">Swish<\/a>.\u00a0<\/p>\n<p>I dagsl\u00e4get kan man som Swedbank-kund via appen sj\u00e4lv h\u00f6ja maxgr\u00e4nsen f\u00f6r hur mycket som kan skickas med telefonen per vecka \u2013\u00a0upp till 100\u00a0000 kronor.\u00a0<\/p>\n<p>Men fr\u00e5n och med den 4 september g\u00f6rs reglerna om. I\u00a0st\u00e4llet f\u00f6r en veckogr\u00e4ns inf\u00f6rs en dagsgr\u00e4ns. Den kommer vara max 10\u00a0000 kronor. Dock blir det olika gr\u00e4nser f\u00f6r privatpersoner och f\u00f6retag, s\u00e5 \u00e4ven den som swishat 10\u00a0000 till en kompis kan \u00e4nd\u00e5 fortsatt betala i kiosken.<\/p>\n<p>Alla kunder f\u00e5r en standardinst\u00e4llning p\u00e5 3\u00a0000 kronor och beh\u00f6ver h\u00f6ja den sj\u00e4lv i appen om de vill spendera mer.\u00a0<\/p>\n<p>Vill f\u00f6rsv\u00e5ra bedr\u00e4gerier<\/p>\n<p>Beslutet \u00e4r ett s\u00e4tt att g\u00f6ra det sv\u00e5rare f\u00f6r bedragare, s\u00e4ger Charlotte Nilsson, pressansvarig p\u00e5 Swedbank.<\/p>\n<p>\u201dVi ser l\u00f6pande \u00f6ver hur vi kan f\u00f6rb\u00e4ttra v\u00e5ra produkter och tj\u00e4nster och en del i denna f\u00f6r\u00e4ndring \u00e4r att motverka bedr\u00e4gerier\u201d, skriver hon i ett mejl.<\/p>\n<p>Hon har ocks\u00e5 ett tips till anv\u00e4ndarna.<\/p>\n<p>\u201dVi vill uppmana v\u00e5ra kunder att beh\u00e5lla en l\u00e5g beloppsgr\u00e4ns och i st\u00e4llet h\u00f6ja den vid behov i appen eller via internetbanken\u201d, skriver hon.<\/p>\n<p><a href=\"http:\/\/www.expressen.se\/nyheter\/sverige\/bluffbutikernas-metod-klarna-och-falska-bilder\/#:~:text=Projektet%20resulterade%20i%20att%20betalningar,Nordea%20ers%C3%A4tter%20m%C3%A5nga%20kunder%20dagligen.\" rel=\"nofollow noopener\" target=\"_blank\"><strong>L\u00c4S MER: Bluffbutikernas metod: Klarna och falska bilder<\/strong><\/a><\/p>\n<p><a href=\"https:\/\/www.expressen.se\/ledare\/ledare-bankerna-sviker--bedragarnas-offer\/\" rel=\"nofollow noopener\" target=\"_blank\"><strong>LEDARE: Bankerna sviker bedragarnas offer<\/strong><\/a><\/p>\n<p>Var tredje ung k\u00e4nner Swish-skam.<\/p>\n","protected":false},"excerpt":{"rendered":"Publicerad 2 sep 2025 kl 18.11Uppdaterad kl 18.21 \u00c4r du en \u201dbig spender\u201d med Swish?\u00a0 Nu blir det&hellip;\n","protected":false},"author":2,"featured_media":20319,"comment_status":"","ping_status":"","sticky":false,"template":"","format":"standard","meta":{"footnotes":""},"categories":[65],"tags":[72,70,71,2541,2540,34,607,31,33,32,30],"class_list":{"0":"post-20318","1":"post","2":"type-post","3":"status-publish","4":"format-standard","5":"has-post-thumbnail","7":"category-ekonomi","8":"tag-business","9":"tag-economy","10":"tag-ekonomi","11":"tag-organization-swedbank","12":"tag-organization-swish","13":"tag-se","14":"tag-sections-konsument","15":"tag-svenska","16":"tag-sverige","17":"tag-sweden","18":"tag-swedish"},"share_on_mastodon":{"url":"","error":""},"_links":{"self":[{"href":"https:\/\/www.europesays.com\/se\/wp-json\/wp\/v2\/posts\/20318","targetHints":{"allow":["GET"]}}],"collection":[{"href":"https:\/\/www.europesays.com\/se\/wp-json\/wp\/v2\/posts"}],"about":[{"href":"https:\/\/www.europesays.com\/se\/wp-json\/wp\/v2\/types\/post"}],"author":[{"embeddable":true,"href":"https:\/\/www.europesays.com\/se\/wp-json\/wp\/v2\/users\/2"}],"replies":[{"embeddable":true,"href":"https:\/\/www.europesays.com\/se\/wp-json\/wp\/v2\/comments?post=20318"}],"version-history":[{"count":0,"href":"https:\/\/www.europesays.com\/se\/wp-json\/wp\/v2\/posts\/20318\/revisions"}],"wp:featuredmedia":[{"embeddable":true,"href":"https:\/\/www.europesays.com\/se\/wp-json\/wp\/v2\/media\/20319"}],"wp:attachment":[{"href":"https:\/\/www.europesays.com\/se\/wp-json\/wp\/v2\/media?parent=20318"}],"wp:term":[{"taxonomy":"category","embeddable":true,"href":"https:\/\/www.europesays.com\/se\/wp-json\/wp\/v2\/categories?post=20318"},{"taxonomy":"post_tag","embeddable":true,"href":"https:\/\/www.europesays.com\/se\/wp-json\/wp\/v2\/tags?post=20318"}],"curies":[{"name":"wp","href":"https:\/\/api.w.org\/{rel}","templated":true}]}}