{"id":20321,"date":"2025-09-02T17:04:09","date_gmt":"2025-09-02T17:04:09","guid":{"rendered":"https:\/\/www.europesays.com\/se\/20321\/"},"modified":"2025-09-02T17:04:09","modified_gmt":"2025-09-02T17:04:09","slug":"alla-barn-i-sverige-far-gratis-peng-upp-till-2000","status":"publish","type":"post","link":"https:\/\/www.europesays.com\/se\/20321\/","title":{"rendered":"Alla barn i Sverige f\u00e5r gratis peng \u2013 upp till 2000"},"content":{"rendered":"<p>Publicerad 2 sep 2025 kl 15.51<\/p>\n<p>Vill du spela innebandy eller l\u00e4ra dig spela trummor?<\/p>\n<p>Nu f\u00e5r alla barn mellan 8-16 \u00e5r en gratis peng \u2013 p\u00e5 nya \u201dFritidskortet\u201d f\u00f6r aktiviteter.<\/p>\n<p><img   alt=\"\"\/><\/p>\n<p>Regeringen lanserar fritidskortet f\u00f6r att motverka stillasittande och ensamhet.<\/p>\n<p>Foto: Henrik Isaksson\/TT \/ TT NYHETSBYR\u00c5N<\/p>\n<p>\u00d6ppna bild i helsk\u00e4rm<img loading=\"lazy\"   alt=\"\"\/><\/p>\n<p>F\u00f6r\u00e4ldrar och v\u00e5rdnadshavare kommer kunna anv\u00e4nda 500-2000 kronor f\u00f6r sina barns fritidsaktiviteter.<\/p>\n<p>Foto: Pontus Lundahl\/TT \/ TT NYHETSBYR\u00c5N<\/p>\n<p>\u00d6ppna bild i helsk\u00e4rm<\/p>\n<p>Fr\u00e5n och med september f\u00e5r barn mellan 8-16 \u00e5r 500 eller 2 000 kronor per \u00e5r f\u00f6r fritidsaktiviteter. Alla kommer ha r\u00e4tt till minst 500 kronor. De som bor i ett hush\u00e5ll som fick bostadsbidrag f\u00f6rra \u00e5ret kommer att f\u00e5 mer pengar, 2 000 kronor per \u00e5r.<\/p>\n<p>\u201dFritidskortet\u201d \u00e4r en satsning fr\u00e5n regeringen f\u00f6r att barn ska r\u00f6ra p\u00e5 sig mer, f\u00e5 m\u00f6jlighet att testa nya aktiviteter och tr\u00e4ffa andra barn.<\/p>\n<p>Kortet \u00e4r digitalt och f\u00f6r att man ska kunna utnyttja det m\u00e5ste fritidsf\u00f6reningen ha ans\u00f6kt om att vara med i \u201dFritidskortets\u201d register.<\/p>\n<p><strong>L\u00c4S MER: <\/strong><a href=\"https:\/\/www.expressen.se\/debatt\/debatt-fritidskortet-hotar-att--forsvaga-foreningslivet\/\" class=\"\" rel=\"nofollow noopener\" target=\"_blank\">DEBATT: Fritidskortet hotar att  f\u00f6rsvaga f\u00f6reningslivet<\/a><\/p>\n","protected":false},"excerpt":{"rendered":"Publicerad 2 sep 2025 kl 15.51 Vill du spela innebandy eller l\u00e4ra dig spela trummor? Nu f\u00e5r alla&hellip;\n","protected":false},"author":2,"featured_media":20322,"comment_status":"","ping_status":"","sticky":false,"template":"","format":"standard","meta":{"footnotes":""},"categories":[5],"tags":[22,23,26,27,17,21,24,25,212,28,29,15,16,18,34,154,31,33,32,30,19,1115,20],"class_list":{"0":"post-20321","1":"post","2":"type-post","3":"status-publish","4":"format-standard","5":"has-post-thumbnail","7":"category-rubriker","8":"tag-breaking-news","9":"tag-breakingnews","10":"tag-featured-news","11":"tag-featurednews","12":"tag-headlines","13":"tag-huvudnyheter","14":"tag-latest-news","15":"tag-latestnews","16":"tag-location-sverige","17":"tag-main-news","18":"tag-mainnews","19":"tag-news","20":"tag-nyheter","21":"tag-rubriker","22":"tag-se","23":"tag-sections-sverige","24":"tag-svenska","25":"tag-sverige","26":"tag-sweden","27":"tag-swedish","28":"tag-top-stories","29":"tag-topic-barnhalsa","30":"tag-topstories"},"share_on_mastodon":{"url":"","error":""},"_links":{"self":[{"href":"https:\/\/www.europesays.com\/se\/wp-json\/wp\/v2\/posts\/20321","targetHints":{"allow":["GET"]}}],"collection":[{"href":"https:\/\/www.europesays.com\/se\/wp-json\/wp\/v2\/posts"}],"about":[{"href":"https:\/\/www.europesays.com\/se\/wp-json\/wp\/v2\/types\/post"}],"author":[{"embeddable":true,"href":"https:\/\/www.europesays.com\/se\/wp-json\/wp\/v2\/users\/2"}],"replies":[{"embeddable":true,"href":"https:\/\/www.europesays.com\/se\/wp-json\/wp\/v2\/comments?post=20321"}],"version-history":[{"count":0,"href":"https:\/\/www.europesays.com\/se\/wp-json\/wp\/v2\/posts\/20321\/revisions"}],"wp:featuredmedia":[{"embeddable":true,"href":"https:\/\/www.europesays.com\/se\/wp-json\/wp\/v2\/media\/20322"}],"wp:attachment":[{"href":"https:\/\/www.europesays.com\/se\/wp-json\/wp\/v2\/media?parent=20321"}],"wp:term":[{"taxonomy":"category","embeddable":true,"href":"https:\/\/www.europesays.com\/se\/wp-json\/wp\/v2\/categories?post=20321"},{"taxonomy":"post_tag","embeddable":true,"href":"https:\/\/www.europesays.com\/se\/wp-json\/wp\/v2\/tags?post=20321"}],"curies":[{"name":"wp","href":"https:\/\/api.w.org\/{rel}","templated":true}]}}