{"id":203436,"date":"2026-03-29T03:34:14","date_gmt":"2026-03-29T03:34:14","guid":{"rendered":"https:\/\/www.europesays.com\/se\/203436\/"},"modified":"2026-03-29T03:34:14","modified_gmt":"2026-03-29T03:34:14","slug":"hemundervisning-lyfts-som-mojlig-forklaring-till-alands-vaccinstatistik","status":"publish","type":"post","link":"https:\/\/www.europesays.com\/se\/203436\/","title":{"rendered":"Hemundervisning lyfts som m\u00f6jlig f\u00f6rklaring till \u00c5lands vaccinstatistik"},"content":{"rendered":"<p><strong>Mia Kontio<\/strong>, ledande expert inom h\u00e4lso- och smittskydd vid THL, s\u00e4ger till <a class=\"text-green hover:text-green-dark dark:text-dm-green dark:hover:text-green\" href=\"https:\/\/www.hbl.fi\/2026-03-27\/andelen-ovaccinerade-barn-okar-oroande-trend-pa-aland\/\" rel=\"nofollow noopener\" target=\"_blank\">HBL<\/a> att myndigheten har funderat \u00f6ver orsaken till \u00c5lands siffror.<\/p>\n<p>\u2013 En fr\u00e5ga \u00e4r om en del av dem som flyttar till \u00c5land f\u00f6r att kunna ha hemskola ocks\u00e5 har ideologiska tankar kring att v\u00e4lja bort vaccinering, s\u00e4ger hon till tidningen.<\/p>\n<p>Landskapsl\u00e4kare Knut L\u00f6nnroth s\u00e4ger att det kan vara en m\u00f6jlig f\u00f6rklaring, men att det \u00e4r en hypotes som inte unders\u00f6kts.<\/p>\n<p>\u2013 I den grupp som v\u00e4ljer att hemundervisa finns det kanske en undergrupp som g\u00f6r det p\u00e5 grund av en allm\u00e4n skepsis mot myndigheter. Det kan handla om skepsis mot utbildningssystemet, men det kan ocks\u00e5 g\u00e5 hand i hand med skepsis mot h\u00e4lsomyndigheter, s\u00e4ger han och forts\u00e4tter:<\/p>\n<p>\u2013 Men jag ser ingen anledning att f\u00f6rs\u00f6ka g\u00f6ra den typen av analys p\u00e5 \u00c5land. Det \u00e4r f\u00f6r litet, det handlar om f\u00f6r f\u00e5 individer. Jag tror inte att det \u00e4r konstruktivt att f\u00f6rs\u00f6ka peka ut en enskild grupp.<\/p>\n<p><img loading=\"lazy\" decoding=\"async\" alt=\"\" class=\"aspect-articleImage object-cover rounded lg:rounded-lg order-2 w-24 xxs:w-28 md:w-52 shrink-0\" data-lqip=\"true\" height=\"138\" src=\"data:image\/jpeg;base64,\/9j\/2wBDAAYEBQYFBAYGBQYHBwYIChAKCgkJChQODwwQFxQYGBcUFhYaHSUfGhsjHBYWICwgIyYnKSopGR8tMC0oMCUoKSj\/2wBDAQcHBwoIChMKChMoGhYaKCgoKCgoKCgoKCgoKCgoKCgoKCgoKCgoKCgoKCgoKCgoKCgoKCgoKCgoKCgoKCgoKCj\/wAARCAANABQDASIAAhEBAxEB\/8QAGAAAAwEBAAAAAAAAAAAAAAAAAAQHAwb\/xAAkEAABAwMEAQUAAAAAAAAAAAABAgMEAAURBgcSIWETFCIjMf\/EABcBAAMBAAAAAAAAAAAAAAAAAAIDBAX\/xAAdEQEAAgICAwAAAAAAAAAAAAABAAIDBBFRFDFh\/9oADAMBAAIRAxEAPwBfZNxbdgLbKw2tbhJVnvHiu81UiyTPSFy48Y\/2EqVgZxUd28mvRoLxaVgsApHnultSSH7lKe908tSVYPEHoVNbItmvU09LUc6A9zS8ait8me4tkENj4pAHWBRUvubqmZjiEk4ScftFFwsdbxqLVr6+z\/\/Z\" width=\"208\"\/><img decoding=\"async\" data-loading=\"true\" alt=\"\" style=\"height:10px;width:10px;position:absolute;z-index:-10;opacity:0;pointer-events:none;user-select:none\" loading=\"lazy\"  class=\"aspect-articleImage object-cover rounded lg:rounded-lg order-2 w-24 xxs:w-28 md:w-52 shrink-0\"  src=\"https:\/\/www.europesays.com\/se\/wp-content\/uploads\/2026\/03\/4f7b085f04b95ab859639d2139ee5dc73ec45425-3984x2656.jpg\" width=\"208\" height=\"138\"\/><\/p>\n<p>Lyssna p\u00e5:\u00a0Knut L\u00f6nnroth+ 1 ljudklipp<\/p>\n<p>Publicerad 27.3.2026 kl. 12:52|Uppdaterad 27.3.2026 kl. 13:08<\/p>\n","protected":false},"excerpt":{"rendered":"Mia Kontio, ledande expert inom h\u00e4lso- och smittskydd vid THL, s\u00e4ger till HBL att myndigheten har funderat \u00f6ver&hellip;\n","protected":false},"author":2,"featured_media":203437,"comment_status":"","ping_status":"","sticky":false,"template":"","format":"standard","meta":{"footnotes":"","_share_on_mastodon":"0"},"categories":[69],"tags":[279,113,3287,112,34,31,33,32,30,5532],"class_list":["post-203436","post","type-post","status-publish","format-standard","has-post-thumbnail","category-halsa","tag-folkhalsa","tag-halsa","tag-halso-och-sjukvard","tag-health","tag-se","tag-svenska","tag-sverige","tag-sweden","tag-swedish","tag-vacciner"],"share_on_mastodon":{"url":"https:\/\/pubeurope.com\/@se\/116310367540863591","error":""},"_links":{"self":[{"href":"https:\/\/www.europesays.com\/se\/wp-json\/wp\/v2\/posts\/203436","targetHints":{"allow":["GET"]}}],"collection":[{"href":"https:\/\/www.europesays.com\/se\/wp-json\/wp\/v2\/posts"}],"about":[{"href":"https:\/\/www.europesays.com\/se\/wp-json\/wp\/v2\/types\/post"}],"author":[{"embeddable":true,"href":"https:\/\/www.europesays.com\/se\/wp-json\/wp\/v2\/users\/2"}],"replies":[{"embeddable":true,"href":"https:\/\/www.europesays.com\/se\/wp-json\/wp\/v2\/comments?post=203436"}],"version-history":[{"count":0,"href":"https:\/\/www.europesays.com\/se\/wp-json\/wp\/v2\/posts\/203436\/revisions"}],"wp:featuredmedia":[{"embeddable":true,"href":"https:\/\/www.europesays.com\/se\/wp-json\/wp\/v2\/media\/203437"}],"wp:attachment":[{"href":"https:\/\/www.europesays.com\/se\/wp-json\/wp\/v2\/media?parent=203436"}],"wp:term":[{"taxonomy":"category","embeddable":true,"href":"https:\/\/www.europesays.com\/se\/wp-json\/wp\/v2\/categories?post=203436"},{"taxonomy":"post_tag","embeddable":true,"href":"https:\/\/www.europesays.com\/se\/wp-json\/wp\/v2\/tags?post=203436"}],"curies":[{"name":"wp","href":"https:\/\/api.w.org\/{rel}","templated":true}]}}