{"id":203866,"date":"2026-03-29T13:51:14","date_gmt":"2026-03-29T13:51:14","guid":{"rendered":"https:\/\/www.europesays.com\/se\/203866\/"},"modified":"2026-03-29T13:51:14","modified_gmt":"2026-03-29T13:51:14","slug":"israelisk-polis-hindrar-jerusalems-patriark","status":"publish","type":"post","link":"https:\/\/www.europesays.com\/se\/203866\/","title":{"rendered":"Israelisk polis hindrar Jerusalems patriark"},"content":{"rendered":"<p>Publicerad 29 mar 2026 kl 13.53<\/p>\n<p>Israelisk polis har hindrat Jerusalems latinska patriark, Pierbattista Pizzaballa, fr\u00e5n att g\u00e5 in i heliga gravens kyrka f\u00f6r att fira palms\u00f6ndagen \u2013 n\u00e5got som inte skett p\u00e5 \u00e5rhundraden.<\/p>\n<p>Senaste nyhetsklippen fr\u00e5n Expressen.<img   alt=\"\"\/><\/p>\n<p>Pierbattista Pizzaballa.<\/p>\n<p>Foto: STEFANO COSTANTINO TTL \/ AVALON \/ STELLA PICTURES\/STEFANO COSTANTINO TTL \/ AVALO<\/p>\n<p>\u00d6ppna bild i helsk\u00e4rm<\/p>\n<p>H\u00e4ndelsen utg\u00f6r enligt patriarkatet i <a href=\"https:\/\/www.expressen.se\/tagg\/location\/jerusalem\/\" class=\"\" rel=\"nofollow noopener\" target=\"_blank\">Jerusalem<\/a> \u201dett allvarligt brott mot grundl\u00e4ggande principer f\u00f6r religionsfrihet\u201d och visar brist p\u00e5 respekt f\u00f6r k\u00e4nslorna hos miljarder m\u00e4nniskor v\u00e4rlden \u00f6ver.<\/p>\n<p>Pizzaballa uppges ha hindrats genomf\u00f6ra m\u00e4ssan av s\u00e4kerhetssk\u00e4l med anledning av Irankriget. Han ska i st\u00e4llet ge sin v\u00e4lsignelse fr\u00e5n Jesu t\u00e5rars kyrka p\u00e5 Olivberget.<\/p>\n<p>Beslutet har v\u00e4ckt starka reaktioner, inte minst fr\u00e5n Italien och dess premi\u00e4rminister Giorgia Meloni:<\/p>\n<p>\u201dAtt hindra Jerusalems patriark fr\u00e5n att f\u00e5 tilltr\u00e4de utg\u00f6r en f\u00f6rol\u00e4mpning mot varje gemenskap som erk\u00e4nner religionsfriheten\u201d, s\u00e4ger hon enligt Ansa.<\/p>\n<p>Samtidigt meddelar utrikesminister Antonio Tajani <a href=\"https:\/\/x.com\/Antonio_Tajani\/status\/2038213804081783242\" rel=\"nofollow\">p\u00e5 X<\/a> att man p\u00e5 m\u00e5ndagen kallar upp Israels ambassad\u00f6r till utrikesdepartementet.<\/p>\n","protected":false},"excerpt":{"rendered":"Publicerad 29 mar 2026 kl 13.53 Israelisk polis har hindrat Jerusalems latinska patriark, Pierbattista Pizzaballa, fr\u00e5n att g\u00e5&hellip;\n","protected":false},"author":2,"featured_media":203867,"comment_status":"","ping_status":"","sticky":false,"template":"","format":"standard","meta":{"footnotes":"","_share_on_mastodon":"0"},"categories":[14],"tags":[22,23,26,27,17,21,24,25,3655,28,29,15,16,18,34,55,31,33,32,30,19,151,20,51,52,53,54],"class_list":["post-203866","post","type-post","status-publish","format-standard","has-post-thumbnail","category-varlden","tag-breaking-news","tag-breakingnews","tag-featured-news","tag-featurednews","tag-headlines","tag-huvudnyheter","tag-latest-news","tag-latestnews","tag-location-jerusalem","tag-main-news","tag-mainnews","tag-news","tag-nyheter","tag-rubriker","tag-se","tag-sections-varlden","tag-svenska","tag-sverige","tag-sweden","tag-swedish","tag-top-stories","tag-topic-religion","tag-topstories","tag-varlden","tag-world","tag-world-news","tag-worldnews"],"share_on_mastodon":{"url":"https:\/\/pubeurope.com\/@se\/116312793642905391","error":""},"_links":{"self":[{"href":"https:\/\/www.europesays.com\/se\/wp-json\/wp\/v2\/posts\/203866","targetHints":{"allow":["GET"]}}],"collection":[{"href":"https:\/\/www.europesays.com\/se\/wp-json\/wp\/v2\/posts"}],"about":[{"href":"https:\/\/www.europesays.com\/se\/wp-json\/wp\/v2\/types\/post"}],"author":[{"embeddable":true,"href":"https:\/\/www.europesays.com\/se\/wp-json\/wp\/v2\/users\/2"}],"replies":[{"embeddable":true,"href":"https:\/\/www.europesays.com\/se\/wp-json\/wp\/v2\/comments?post=203866"}],"version-history":[{"count":0,"href":"https:\/\/www.europesays.com\/se\/wp-json\/wp\/v2\/posts\/203866\/revisions"}],"wp:featuredmedia":[{"embeddable":true,"href":"https:\/\/www.europesays.com\/se\/wp-json\/wp\/v2\/media\/203867"}],"wp:attachment":[{"href":"https:\/\/www.europesays.com\/se\/wp-json\/wp\/v2\/media?parent=203866"}],"wp:term":[{"taxonomy":"category","embeddable":true,"href":"https:\/\/www.europesays.com\/se\/wp-json\/wp\/v2\/categories?post=203866"},{"taxonomy":"post_tag","embeddable":true,"href":"https:\/\/www.europesays.com\/se\/wp-json\/wp\/v2\/tags?post=203866"}],"curies":[{"name":"wp","href":"https:\/\/api.w.org\/{rel}","templated":true}]}}