{"id":203921,"date":"2026-03-29T15:19:12","date_gmt":"2026-03-29T15:19:12","guid":{"rendered":"https:\/\/www.europesays.com\/se\/203921\/"},"modified":"2026-03-29T15:19:12","modified_gmt":"2026-03-29T15:19:12","slug":"masslingsfall-i-stockholm-foraldrar-kontaktas-smittsparning-pagar-expressen","status":"publish","type":"post","link":"https:\/\/www.europesays.com\/se\/203921\/","title":{"rendered":"M\u00e4sslingsfall i Stockholm \u2013 f\u00f6r\u00e4ldrar kontaktas: \u201dSmittsp\u00e5rning p\u00e5g\u00e5r\u201d &#8211; Expressen"},"content":{"rendered":"<ol>\n<li><a href=\"https:\/\/news.google.com\/rss\/articles\/CBMikAFBVV95cUxPdEgwRDRtb1FTQ29CWEZZWUJ4ci1FdlUtTzh1NDd6bGg2WDdNRlhxYkhQbXVTSFh4NmhWdVlMWVBZdEY3cHBGaW1aX1JheUE5d2RHWkhVcGhfWnIxaG9oU3NqV0w2LWRPQXV2aEN1N3A3a2xHVzk4anBfVnUwMlN1d25USmpEbnNzNkwzMWE0OGY?oc=5\" target=\"_blank\" rel=\"nofollow noopener\">M\u00e4sslingsfall i Stockholm \u2013 f\u00f6r\u00e4ldrar kontaktas: \u201dSmittsp\u00e5rning p\u00e5g\u00e5r\u201d<\/a>&nbsp;&nbsp;Expressen<\/li>\n<li><a href=\"https:\/\/news.google.com\/rss\/articles\/CBMimwFBVV95cUxOYXRfV2d2SDNjRFdMOTlaaGprTzV3SUZxSlMycHZpUl9vbW9heFdQMDU5ZERoYlh6MlVOR3c2N1JTODJTWmg5R2VuTXNPalc4Wk1HT2VfWGFmRjk1LWYybWJuWTRCZHVocFVUYzJMaVNkcEZicW9HWl9QeFAwY0lVM3Z4TWNhenJNUEFiY25MS21oQXMxdTJtanZMMA?oc=5\" target=\"_blank\" rel=\"nofollow noopener\">Bekr\u00e4ftat fall av m\u00e4ssling i Stockholm \u2013 smittsp\u00e5rning p\u00e5g\u00e5r<\/a>&nbsp;&nbsp;Sveriges Radio<\/li>\n<li><a href=\"https:\/\/news.google.com\/rss\/articles\/CBMiYkFVX3lxTE0xRWlaOXNXZko5WnVwdXF6RHQ5cW5pWXBCV3N1ZFZjMmszMzRRdTdLOU5NcFBERUl4cmVxdUpDSUtBNm9pOE9pWEZIQTBfSDBmNkNJdUk0YXdFZlhzWDJoaWhn?oc=5\" target=\"_blank\" rel=\"nofollow noopener\">M\u00e4sslingsfall i Stockholm<\/a>&nbsp;&nbsp;Nerikes Allehanda<\/li>\n<li><a href=\"https:\/\/news.google.com\/rss\/articles\/CBMijAFBVV95cUxPbmU0QkxCdG9QQWh6LXFmZ0NtX1Q3aC12dHJBcTBFdExGX051Mzh5ZjBRdkJQRGxqUmhVVU4yRDBuNk9nYUotQnJCLXN1S011OENwaWpTdTY5a0NEX1ZpUWdWMHlaM2ZycGZNWnlabDItWGxyVTRrVkx4ZmkyQ0t3NU80Vkwzb01OZmlodw?oc=5\" target=\"_blank\" rel=\"nofollow noopener\">M\u00e4sslingsfall uppt\u00e4ckt i Stockholm<\/a>&nbsp;&nbsp;SVT Nyheter<\/li>\n<li><a href=\"https:\/\/news.google.com\/rss\/articles\/CBMiigFBVV95cUxOaWRzN3BfMUtwbFhDTmpOYjQzVUNNTlRXTVdXRHZONHJtT1JKOFFsdEktSTNkOHJlRTh5LUNiOFpoOFlpR1BkMGgxWGZmOGVoQkhjQnRjSlJ6SDAtczdSR2gxM3hLVUJ4emVmNXcyRkwzVTJzZm5TN0ZBbEZ5cV9FRkdDbUVZSUpvLUE?oc=5\" target=\"_blank\" rel=\"nofollow noopener\">M\u00e4sslingfall kopplas till barnav\u00e5rdscentral i Stockholm<\/a>&nbsp;&nbsp;Aftonbladet<\/li>\n<\/ol>\n","protected":false},"excerpt":{"rendered":"M\u00e4sslingsfall i Stockholm \u2013 f\u00f6r\u00e4ldrar kontaktas: \u201dSmittsp\u00e5rning p\u00e5g\u00e5r\u201d&nbsp;&nbsp;Expressen Bekr\u00e4ftat fall av m\u00e4ssling i Stockholm \u2013 smittsp\u00e5rning p\u00e5g\u00e5r&nbsp;&nbsp;Sveriges Radio&hellip;\n","protected":false},"author":2,"featured_media":203922,"comment_status":"","ping_status":"","sticky":false,"template":"","format":"standard","meta":{"footnotes":"","_share_on_mastodon":"0"},"categories":[5],"tags":[22,23,26,27,17,21,24,25,135,28,29,15,16,3754,18,34,154,31,33,32,30,19,997,3477,20],"class_list":["post-203921","post","type-post","status-publish","format-standard","has-post-thumbnail","category-rubriker","tag-breaking-news","tag-breakingnews","tag-featured-news","tag-featurednews","tag-headlines","tag-huvudnyheter","tag-latest-news","tag-latestnews","tag-location-stockholm","tag-main-news","tag-mainnews","tag-news","tag-nyheter","tag-organization-region-stockholm","tag-rubriker","tag-se","tag-sections-sverige","tag-svenska","tag-sverige","tag-sweden","tag-swedish","tag-top-stories","tag-topic-vaccination","tag-topic-virussjukdom","tag-topstories"],"share_on_mastodon":{"url":"https:\/\/pubeurope.com\/@se\/116313139759954226","error":""},"_links":{"self":[{"href":"https:\/\/www.europesays.com\/se\/wp-json\/wp\/v2\/posts\/203921","targetHints":{"allow":["GET"]}}],"collection":[{"href":"https:\/\/www.europesays.com\/se\/wp-json\/wp\/v2\/posts"}],"about":[{"href":"https:\/\/www.europesays.com\/se\/wp-json\/wp\/v2\/types\/post"}],"author":[{"embeddable":true,"href":"https:\/\/www.europesays.com\/se\/wp-json\/wp\/v2\/users\/2"}],"replies":[{"embeddable":true,"href":"https:\/\/www.europesays.com\/se\/wp-json\/wp\/v2\/comments?post=203921"}],"version-history":[{"count":0,"href":"https:\/\/www.europesays.com\/se\/wp-json\/wp\/v2\/posts\/203921\/revisions"}],"wp:featuredmedia":[{"embeddable":true,"href":"https:\/\/www.europesays.com\/se\/wp-json\/wp\/v2\/media\/203922"}],"wp:attachment":[{"href":"https:\/\/www.europesays.com\/se\/wp-json\/wp\/v2\/media?parent=203921"}],"wp:term":[{"taxonomy":"category","embeddable":true,"href":"https:\/\/www.europesays.com\/se\/wp-json\/wp\/v2\/categories?post=203921"},{"taxonomy":"post_tag","embeddable":true,"href":"https:\/\/www.europesays.com\/se\/wp-json\/wp\/v2\/tags?post=203921"}],"curies":[{"name":"wp","href":"https:\/\/api.w.org\/{rel}","templated":true}]}}