{"id":20421,"date":"2025-09-02T19:53:26","date_gmt":"2025-09-02T19:53:26","guid":{"rendered":"https:\/\/www.europesays.com\/se\/20421\/"},"modified":"2025-09-02T19:53:26","modified_gmt":"2025-09-02T19:53:26","slug":"leksand-med-galen-vandning-mot-orebro","status":"publish","type":"post","link":"https:\/\/www.europesays.com\/se\/20421\/","title":{"rendered":"Leksand med galen v\u00e4ndning mot \u00d6rebro"},"content":{"rendered":"<p><strong>\u00d6rebros nyf\u00f6rv\u00e4rv Sampo Ranta har visat p\u00e5 lysande m\u00e5lform under f\u00f6rs\u00e4songen.<br \/>I den m\u00e5lrika matchen mot Leksand gjorde den finl\u00e4ndske forwarden tv\u00e5 m\u00e5l.<br \/>Men \u00e4ven Leksands Michael Lindqvist stod f\u00f6r samma bedrift i Leksands 6\u20135 seger.<\/strong><\/p>\n<p><img loading=\"lazy\" decoding=\"async\" width=\"1024\" height=\"658\" src=\"https:\/\/www.europesays.com\/se\/wp-content\/uploads\/2025\/09\/Nytt-projekt-18-1024x658.webp.webp\" alt=\"\" class=\"wp-image-301059\"  \/>Sampo Rantas form \u00e4r p\u00e5 topp, men \u00e4ven Michael Lindqvists<br \/>Foto: Bildbyr\u00e5n<\/p>\n<p>Matchen mellan <a href=\"https:\/\/hockeysverige.se\/klubb\/orebro-hockey\" rel=\"nofollow noopener\" target=\"_blank\">\u00d6rebro<\/a> och <a href=\"https:\/\/hockeysverige.se\/klubb\/leksands-if\" rel=\"nofollow noopener\" target=\"_blank\">Leksand<\/a> liknade n\u00e5got som kan j\u00e4mf\u00f6ras med en <a href=\"https:\/\/hockeysverige.se\/shl\" rel=\"nofollow noopener\" target=\"_blank\">SHL<\/a>-match. Tempot var h\u00f6gt \u2013\u00a0m\u00e5len m\u00e5nga och intensiteten i l\u00e5nga stunder h\u00f6g.<\/p>\n<p>Men det som verkligen stack ut var hur \u00d6rebros nyf\u00f6rv\u00e4rv fr\u00e5n <a href=\"https:\/\/hockeysverige.se\/klubb\/modo-hockey\" rel=\"nofollow noopener\" target=\"_blank\">MoDo<\/a>, Sampo Ranta, fortsatte sin superform.<\/p>\n<p>Med bara en tr\u00e4ningsmatch kvar att spela innan SHL-s\u00e4songen b\u00f6rjar \u00e4r nu Ranta uppe i fyra m\u00e5l. <\/p>\n<p>Duon debuterade i A-lagssammanhang<\/p>\n<p>Mot Leksand blev det tv\u00e5 nya, varav det sista var en l\u00e4cker soloprestation. M\u00e5let kom strax efter att Oskar Lang reducerat till 3\u20134 i den tredje perioden.<\/p>\n<p>I \u00f6vrigt var det ett annat nyf\u00f6rv\u00e4rv, fast i Leksand, som visade p\u00e5 goda takter. <a href=\"https:\/\/hockeysverige.se\/spelare\/michael-lindqvist\" rel=\"nofollow noopener\" target=\"_blank\">Michael Lindqvist,<\/a> ny fr\u00e5n F\u00e4rjestad, stod n\u00e4mligen f\u00f6r tv\u00e5 m\u00e5l i powerplay. Med bara en sekund kvar att spela gjorde sedan Lukas Vejdemo 5\u20135.<\/p>\n<p>En helgalen tr\u00e4ningsmatch d\u00e4r det blev brottningsmatcher och vars tv\u00e5 utvisningar i f\u00f6rl\u00e4ngningen.<\/p>\n<p>I straffl\u00e4ggningen satte \u00d6rebro sina tv\u00e5 f\u00f6rsta straffar genom Patrik Puistola och Igor Polin. Men \u00e4ven LIF:s Nolan Stevens och Oskar Lang satte sina.<\/p>\n<p>Den f\u00f6rstn\u00e4mnde Leksandsspelaren blev sedan hj\u00e4lte genom att g\u00f6ra m\u00e5l igen i straffl\u00e4ggningen.<\/p>\n<p>Matchen blev ocks\u00e5 betydelsefull f\u00f6r varsin spelare i b\u00e5da lagen, Filip Thorling, \u00d6rebro och Rocky Langvardt, Leksand, fick g\u00f6ra debut f\u00f6r sina respektive A-lag.<\/p>\n","protected":false},"excerpt":{"rendered":"\u00d6rebros nyf\u00f6rv\u00e4rv Sampo Ranta har visat p\u00e5 lysande m\u00e5lform under f\u00f6rs\u00e4songen.I den m\u00e5lrika matchen mot Leksand gjorde den&hellip;\n","protected":false},"author":2,"featured_media":20422,"comment_status":"","ping_status":"","sticky":false,"template":"","format":"standard","meta":{"footnotes":""},"categories":[5],"tags":[22,23,26,27,17,21,24,25,28,29,15,16,18,34,133,134,31,33,32,30,19,379,20],"class_list":{"0":"post-20421","1":"post","2":"type-post","3":"status-publish","4":"format-standard","5":"has-post-thumbnail","7":"category-rubriker","8":"tag-breaking-news","9":"tag-breakingnews","10":"tag-featured-news","11":"tag-featurednews","12":"tag-headlines","13":"tag-huvudnyheter","14":"tag-latest-news","15":"tag-latestnews","16":"tag-main-news","17":"tag-mainnews","18":"tag-news","19":"tag-nyheter","20":"tag-rubriker","21":"tag-se","22":"tag-second-news","23":"tag-shl","24":"tag-svenska","25":"tag-sverige","26":"tag-sweden","27":"tag-swedish","28":"tag-top-stories","29":"tag-top-article","30":"tag-topstories"},"share_on_mastodon":{"url":"","error":""},"_links":{"self":[{"href":"https:\/\/www.europesays.com\/se\/wp-json\/wp\/v2\/posts\/20421","targetHints":{"allow":["GET"]}}],"collection":[{"href":"https:\/\/www.europesays.com\/se\/wp-json\/wp\/v2\/posts"}],"about":[{"href":"https:\/\/www.europesays.com\/se\/wp-json\/wp\/v2\/types\/post"}],"author":[{"embeddable":true,"href":"https:\/\/www.europesays.com\/se\/wp-json\/wp\/v2\/users\/2"}],"replies":[{"embeddable":true,"href":"https:\/\/www.europesays.com\/se\/wp-json\/wp\/v2\/comments?post=20421"}],"version-history":[{"count":0,"href":"https:\/\/www.europesays.com\/se\/wp-json\/wp\/v2\/posts\/20421\/revisions"}],"wp:featuredmedia":[{"embeddable":true,"href":"https:\/\/www.europesays.com\/se\/wp-json\/wp\/v2\/media\/20422"}],"wp:attachment":[{"href":"https:\/\/www.europesays.com\/se\/wp-json\/wp\/v2\/media?parent=20421"}],"wp:term":[{"taxonomy":"category","embeddable":true,"href":"https:\/\/www.europesays.com\/se\/wp-json\/wp\/v2\/categories?post=20421"},{"taxonomy":"post_tag","embeddable":true,"href":"https:\/\/www.europesays.com\/se\/wp-json\/wp\/v2\/tags?post=20421"}],"curies":[{"name":"wp","href":"https:\/\/api.w.org\/{rel}","templated":true}]}}