{"id":20461,"date":"2025-09-02T20:37:09","date_gmt":"2025-09-02T20:37:09","guid":{"rendered":"https:\/\/www.europesays.com\/se\/20461\/"},"modified":"2025-09-02T20:37:09","modified_gmt":"2025-09-02T20:37:09","slug":"svante-hildemans-uppslitande-skilsmassa-med-landskrona-bois","status":"publish","type":"post","link":"https:\/\/www.europesays.com\/se\/20461\/","title":{"rendered":"Svante Hildemans uppslitande skilsm\u00e4ssa med Landskrona Bois"},"content":{"rendered":"<p>\t\t\t<img width=\"800\" height=\"1000\" src=\"https:\/\/www.europesays.com\/se\/wp-content\/uploads\/2025\/09\/Svante_Hildeman_landskrona_bois_slutar_fotboll_malvakt_superettan_4x5-800x1000.jpg\" class=\"attachment-medium size-medium\" alt=\"Svante Hildeman sitter i en bil och ser ledsen ut\" decoding=\"async\" fetchpriority=\"high\"  \/>\t\t<\/p>\n<p class=\"ingress\" style=\"color: #000000;\">V\u00e5ren 2025 best\u00e4mde sig Landskronam\u00e5lvakten Svante Hildeman f\u00f6r att avsluta sin fotbollskarri\u00e4r. &#13;\n<\/p>\n<p>F\u00f6r Offside skildrar han ett avsked pr\u00e4glat av plikt och prestations\u00e5ngest, h\u00e5rdnande ledarskap och stulna schampoflaskor \u2013 men ocks\u00e5 en gnagande fr\u00e5ga:&#13;\n<\/p>\n<p>\u00c4r det du eller jag som har f\u00f6r\u00e4ndrats?<\/p>\n<p>\n    Publicerad 2 september 2025. Ur\u00a0Offside 3-2025 (15 september 2025).  <\/p>\n<p>Dela  <\/p>\n<p>Reportaget av Svante Hildeman finns \u00e4ven med i Offside 3\/2025.<\/p>\n<p>Mamma \u00e4r den f\u00f6rsta jag ber\u00e4ttar f\u00f6r.\u00a0<\/p>\n<p>\u2013 L\u00e4s inte in n\u00e5got suicidalt i det h\u00e4r nu, s\u00e4ger jag. Men varje g\u00e5ng jag k\u00f6r till tr\u00e4ningen \u00f6nskar jag att jag var med om en olycka.<\/p>\n<p>Hon blir orolig, men lite lugnare n\u00e4r jag f\u00f6rklarar att jag bara \u00f6nskar mig en liten olycka, en som h\u00e5ller mig borta fr\u00e5n fotbollsplanen. Jag f\u00f6rst\u00e5r hur det l\u00e5ter. F\u00f6r en mamma kan jag t\u00e4nka mig att det sk\u00e4r i hj\u00e4rtat, f\u00f6r en objektiv betraktare kan jag t\u00e4nka mig att det sk\u00e4r i \u2026 ja, var sitter egentligen k\u00e4nslan av \u00bbh\u00e5ll k\u00e4ften, fattar du hur m\u00e5nga som skulle vilja ha ditt jobb?\u00ab. I drygt fyra \u00e5r har jag t\u00e4nkt p\u00e5 supportern som sade till mig att han hade offrat en arm bara f\u00f6r att f\u00e5 sitta p\u00e5 b\u00e4nken i Bois. Jag kanske inte hade offrat en arm, men tv\u00e5 m\u00e5nader in i f\u00f6rs\u00e4songen 2025 \u00e4r jag villig att \u00e5samkas en l\u00e4tt whiplashskada f\u00f6r att f\u00e5 slippa. N\u00e4r jag h\u00f6r mig sj\u00e4lv s\u00e4ga det h\u00f6gt f\u00f6rst\u00e5r jag att det \u00e4r dags. Jag m\u00e5ste sluta spela fotboll.<\/p>\n<p>\u00a0<\/p>\n<p>I\u00a0oktober 2024 satt jag p\u00e5 ett utg\u00e5ende kontrakt. Mitt Landskrona hade under stora delar av \u00e5ret sett ut att jogga hem Superettan, men under h\u00f6sten b\u00f6rjade vi stapla f\u00f6rluster och Fotbollssverige pratade om att vi h\u00f6ll p\u00e5 att \u00bbg\u00f6ra en Utsikten\u00ab, det vill s\u00e4ga att sluta vinna och kasta bort en allsvensk plats. Tongivande spelare hade l\u00e4mnat under sommaren, men vi hade byggt upp ett stadigt f\u00f6rspr\u00e5ng som s\u00e5g ut att r\u00e4cka. En uppflyttning vore det perfekta slutet f\u00f6r mig och min karri\u00e4r.<\/p>\n<p>Dittills hade jag inte spelat en enda match under s\u00e4songen. Min konkurrent Amr \u00bbKaddo\u00ab Kaddoura storspelade. Jag var 29 \u00e5r och pratade som vanligt med v\u00e4nner om min l\u00e4ngtan efter att livet skulle b\u00f6rja. Jag l\u00e4ngtade efter att vara ledig p\u00e5 helgerna, efter att ha en riktig inkomst, efter att kunna dricka tv\u00e5 \u00f6l en tisdagskv\u00e4ll utan att beh\u00f6va ta den g\u00e5ngna helgens resultat i beaktning. Jag l\u00e4ngtade efter ett jobb utan en chef vars lynne i alldeles f\u00f6r h\u00f6g grad fick styra mitt m\u00e5ende. Jag l\u00e4ngtade efter frihet och efter att slippa bli betraktad, bed\u00f6md och kritiserad. Jag t\u00e4nkte att jag alltid varit f\u00f6r k\u00e4nslig f\u00f6r den ibland h\u00e5rda och kalla fotbollsv\u00e4rlden.<\/p>\n<p>I andra v\u00e5gsk\u00e5len: En barndomsdr\u00f6m om Allsvenskan, en livsstil och en identitet som jag hade l\u00e4rt mig gilla, gratis matl\u00e5dor fr\u00e5n lunchen p\u00e5 IP. Jag skulle g\u00e5 miste om de bussresor som jag kommit att tycka s\u00e5 mycket om och jag skulle sakna samtalen med min rumskamrat Jesper Strid om hypotetiska vildmarksliv vi aldrig levt. Kortspelet Chicago i olika hotellobbyer p\u00e5 st\u00e4llen jag aldrig annars skulle ha f\u00e5tt se. G\u00f6teborgaren Erik Hedenquists pillemariska blick mot mig efter att han dragit ett sarkastiskt sk\u00e4mt om personlighetstypen \u00bbfotbollskille\u00ab. Lagkaptenen Philip Anderssons pikar om mina politiska \u00e5sikter. Framf\u00f6r allt skulle jag sakna att f\u00e5 representera Landskrona och vara en del av n\u00e5got st\u00f6rre. Ute i den verkliga v\u00e4rlden skulle jag bara vara en generisk v\u00e4nsterkille med pretenti\u00f6sa f\u00f6rfattarambitioner. Innanf\u00f6r fotbollens murar kunde jag d\u00e4remot vara n\u00e5gon som stack ut, som tillf\u00f6rde n\u00e5got som annars kanske skulle saknas.\u00a0<\/p>\n<p class=\"puff alt upc\">Vill du l\u00e4sa mer? 0 kr f\u00f6rsta m\u00e5naden!<\/p>\n<p class=\"offer-nedryckare\">Ber\u00e4ttelser fr\u00e5n v\u00e4rldens st\u00f6rsta sport. Bli\u00a0Offsidemedlem \u2013 l\u00e4s och lyssna p\u00e5 Sveriges b\u00e4sta fotbollsjournalistik.<\/p>\n<p>  <a id=\"paywallDigitalButton\" class=\"opab-button fill\" href=\"https:\/\/www.offside.org\/prenumeration\" data-order-url=\"https:\/\/www.offside.org\/reportage\/svante-hildeman-fotboll-landskrona-bois\/\" rel=\"nofollow noopener\" target=\"_blank\">Testa nu<\/a><\/p>\n<p class=\"puff alt upc\">Har du redan ett konto? <a href=\"https:\/\/connectid.se\/user\/oauth\/authorize?response_type=code&amp;client_id=se.offsidepress&amp;redirect_uri=https%3A%2F%2Fwww.offside.org%2Freportage%2Fsvante-hildeman-fotboll-landskrona-bois%2F%3Fflowy_paywall_callback\" class=\"login\" rel=\"nofollow noopener\" target=\"_blank\">Logga in<\/a> h\u00e4r.<\/p>\n<p>    Publicerad 2 september 2025. Artikeln \u00e4r skriven av <a href=\"https:\/\/www.offside.org\/skribent\/svante-hildeman\/\" rel=\"tag nofollow noopener\" target=\"_blank\">Svante Hildeman<\/a>.<\/p>\n","protected":false},"excerpt":{"rendered":"V\u00e5ren 2025 best\u00e4mde sig Landskronam\u00e5lvakten Svante Hildeman f\u00f6r att avsluta sin fotbollskarri\u00e4r. &#13; F\u00f6r Offside skildrar han ett&hellip;\n","protected":false},"author":2,"featured_media":20462,"comment_status":"","ping_status":"","sticky":false,"template":"","format":"standard","meta":{"footnotes":""},"categories":[68],"tags":[2549,2550,34,111,110,2222,31,33,32,30],"class_list":{"0":"post-20461","1":"post","2":"type-post","3":"status-publish","4":"format-standard","5":"has-post-thumbnail","7":"category-sport","8":"tag-fotbollslivet","9":"tag-livsoden","10":"tag-se","11":"tag-sport","12":"tag-sports","13":"tag-superettan","14":"tag-svenska","15":"tag-sverige","16":"tag-sweden","17":"tag-swedish"},"share_on_mastodon":{"url":"","error":""},"_links":{"self":[{"href":"https:\/\/www.europesays.com\/se\/wp-json\/wp\/v2\/posts\/20461","targetHints":{"allow":["GET"]}}],"collection":[{"href":"https:\/\/www.europesays.com\/se\/wp-json\/wp\/v2\/posts"}],"about":[{"href":"https:\/\/www.europesays.com\/se\/wp-json\/wp\/v2\/types\/post"}],"author":[{"embeddable":true,"href":"https:\/\/www.europesays.com\/se\/wp-json\/wp\/v2\/users\/2"}],"replies":[{"embeddable":true,"href":"https:\/\/www.europesays.com\/se\/wp-json\/wp\/v2\/comments?post=20461"}],"version-history":[{"count":0,"href":"https:\/\/www.europesays.com\/se\/wp-json\/wp\/v2\/posts\/20461\/revisions"}],"wp:featuredmedia":[{"embeddable":true,"href":"https:\/\/www.europesays.com\/se\/wp-json\/wp\/v2\/media\/20462"}],"wp:attachment":[{"href":"https:\/\/www.europesays.com\/se\/wp-json\/wp\/v2\/media?parent=20461"}],"wp:term":[{"taxonomy":"category","embeddable":true,"href":"https:\/\/www.europesays.com\/se\/wp-json\/wp\/v2\/categories?post=20461"},{"taxonomy":"post_tag","embeddable":true,"href":"https:\/\/www.europesays.com\/se\/wp-json\/wp\/v2\/tags?post=20461"}],"curies":[{"name":"wp","href":"https:\/\/api.w.org\/{rel}","templated":true}]}}