{"id":20471,"date":"2025-09-02T21:13:07","date_gmt":"2025-09-02T21:13:07","guid":{"rendered":"https:\/\/www.europesays.com\/se\/20471\/"},"modified":"2025-09-02T21:13:07","modified_gmt":"2025-09-02T21:13:07","slug":"kvinna-dodadav-insektssvarm","status":"publish","type":"post","link":"https:\/\/www.europesays.com\/se\/20471\/","title":{"rendered":"Kvinna d\u00f6dad\nav insektssv\u00e4rm"},"content":{"rendered":"<p>Publicerad 2 sep 2025 kl 22.24Uppdaterad kl 22.30<\/p>\n<p>En kvinna attackerades av en bisv\u00e4rm.<\/p>\n<p>Hon blev s\u00e5 illa skadad att hon avled n\u00e5gra timmar senare, skriver <a href=\"https:\/\/www.mirror.co.uk\/news\/world-news\/breaking-swarm-bees-kill-woman-35834636\" rel=\"nofollow noopener\" target=\"_blank\">Mirror<\/a>.<\/p>\n<p>Senaste nyhetsklippen fr\u00e5n Expressen.<img   alt=\"\"\/><\/p>\n<p>En kvinna dog efter att ha f\u00e5tt m\u00e5nga bistick.<\/p>\n<p>Foto: Robin Loznak \/ ZUMA\/IBL<\/p>\n<p>\u00d6ppna bild i helsk\u00e4rm<\/p>\n<p>R\u00e4ddningstj\u00e4nsten i staden Ballina i <a href=\"https:\/\/www.expressen.se\/tagg\/location\/irland\/\" class=\"\" rel=\"nofollow noopener\" target=\"_blank\">Irland<\/a> fick p\u00e5 m\u00e5ndagskv\u00e4llen in larmsamtal om att en kvinnlig pension\u00e4r hade blivit attackerad av en sv\u00e4rm bin och f\u00e5tt m\u00e5nga stick.\u00a0<\/p>\n<p>\u201dKvinnan, som var i 70-\u00e5rs\u00e5ldern, f\u00f6rdes med ambulanshelikopter till sjukhus d\u00e4r hon senare avled\u201d, skriver polisen.<\/p>\n<p>Om man blir stucken av m\u00e5nga bin samtidigt kan det bli farligt \u00e4ven f\u00f6r personer som inte \u00e4r allergiska p\u00e5 grund av effekten som stora m\u00e4ngder gift kan ha p\u00e5 kroppen.<\/p>\n<p>En kvinna i 40-\u00e5rs\u00e5ldern som f\u00f6rs\u00f6kte hj\u00e4lpa den \u00e4ldre kvinnan och ocks\u00e5 blev stucken f\u00f6rdes ocks\u00e5 till sjukhus.\u00a0<\/p>\n<p>\u201dHennes skador var inte livshotande\u201d, skriver polisen.<\/p>\n<p>En r\u00e4ttsmedicinsk unders\u00f6kning kommer att genomf\u00f6ras.<\/p>\n<p>Sex\u00e5ring stucken \u00f6ver 1 100 g\u00e5nger<\/p>\n<p>F\u00f6rra \u00e5ret blev en sex\u00e5rig pojke stucken \u00f6ver 1 100 g\u00e5nger av en bisv\u00e4rm n\u00e4ra staden Sidrol\u00e2ndia i Brasilien.\u00a0<\/p>\n<p>Pojken f\u00f6rdes akut till sjukhus d\u00e4r han l\u00e5g i koma men \u00f6verlevde.<\/p>\n<p>\u2013 Varje dag blir han b\u00e4ttre och b\u00e4ttre, sade pojkens pappa Celio Samuel.<\/p>\n<p>Toxikologen Sandro Benites betonade att snabb v\u00e5rd var avg\u00f6rande f\u00f6r att den sex\u00e5rige pojken skulle \u00f6verleva skadorna.<\/p>\n<p>\u2013 Normalt kan mer \u00e4n 100 stick vara d\u00f6dliga f\u00f6r ett barn. Mer \u00e4n 500 stick kan vara d\u00f6dliga f\u00f6r vuxna. S\u00e5 det h\u00e4r barnet, tack vare omedelbar v\u00e5rd och avancerat st\u00f6d, lyckades \u00f6verleva trots att han fick mer \u00e4n 1 100 bistick, sade Benites.<\/p>\n","protected":false},"excerpt":{"rendered":"Publicerad 2 sep 2025 kl 22.24Uppdaterad kl 22.30 En kvinna attackerades av en bisv\u00e4rm. Hon blev s\u00e5 illa&hellip;\n","protected":false},"author":2,"featured_media":20472,"comment_status":"","ping_status":"","sticky":false,"template":"","format":"standard","meta":{"footnotes":""},"categories":[14],"tags":[22,23,26,27,17,21,24,25,2551,28,29,15,16,18,34,55,31,33,32,30,19,20,51,52,53,54],"class_list":{"0":"post-20471","1":"post","2":"type-post","3":"status-publish","4":"format-standard","5":"has-post-thumbnail","7":"category-varlden","8":"tag-breaking-news","9":"tag-breakingnews","10":"tag-featured-news","11":"tag-featurednews","12":"tag-headlines","13":"tag-huvudnyheter","14":"tag-latest-news","15":"tag-latestnews","16":"tag-location-irland","17":"tag-main-news","18":"tag-mainnews","19":"tag-news","20":"tag-nyheter","21":"tag-rubriker","22":"tag-se","23":"tag-sections-varlden","24":"tag-svenska","25":"tag-sverige","26":"tag-sweden","27":"tag-swedish","28":"tag-top-stories","29":"tag-topstories","30":"tag-varlden","31":"tag-world","32":"tag-world-news","33":"tag-worldnews"},"share_on_mastodon":{"url":"","error":""},"_links":{"self":[{"href":"https:\/\/www.europesays.com\/se\/wp-json\/wp\/v2\/posts\/20471","targetHints":{"allow":["GET"]}}],"collection":[{"href":"https:\/\/www.europesays.com\/se\/wp-json\/wp\/v2\/posts"}],"about":[{"href":"https:\/\/www.europesays.com\/se\/wp-json\/wp\/v2\/types\/post"}],"author":[{"embeddable":true,"href":"https:\/\/www.europesays.com\/se\/wp-json\/wp\/v2\/users\/2"}],"replies":[{"embeddable":true,"href":"https:\/\/www.europesays.com\/se\/wp-json\/wp\/v2\/comments?post=20471"}],"version-history":[{"count":0,"href":"https:\/\/www.europesays.com\/se\/wp-json\/wp\/v2\/posts\/20471\/revisions"}],"wp:featuredmedia":[{"embeddable":true,"href":"https:\/\/www.europesays.com\/se\/wp-json\/wp\/v2\/media\/20472"}],"wp:attachment":[{"href":"https:\/\/www.europesays.com\/se\/wp-json\/wp\/v2\/media?parent=20471"}],"wp:term":[{"taxonomy":"category","embeddable":true,"href":"https:\/\/www.europesays.com\/se\/wp-json\/wp\/v2\/categories?post=20471"},{"taxonomy":"post_tag","embeddable":true,"href":"https:\/\/www.europesays.com\/se\/wp-json\/wp\/v2\/tags?post=20471"}],"curies":[{"name":"wp","href":"https:\/\/api.w.org\/{rel}","templated":true}]}}