{"id":204837,"date":"2026-03-30T14:19:11","date_gmt":"2026-03-30T14:19:11","guid":{"rendered":"https:\/\/www.europesays.com\/se\/204837\/"},"modified":"2026-03-30T14:19:11","modified_gmt":"2026-03-30T14:19:11","slug":"strangnasbandet-svindel-klara-for-sommarfest","status":"publish","type":"post","link":"https:\/\/www.europesays.com\/se\/204837\/","title":{"rendered":"Str\u00e4ngn\u00e4sbandet Svindel klara f\u00f6r Sommarfest"},"content":{"rendered":"<p class=\"font-normal\">En central del av festivalen \u00e4r att lyfta fram lokala f\u00f6rm\u00e5gor och demoband. Bokningarna till den mindre scenen g\u00f6rs av ungdomsf\u00f6reningen Katakomb, och f\u00f6rst ut att presenteras \u00e4r Svindel.<\/p>\n<p class=\"font-normal\">\u2013 I Katakomb jobbar vi f\u00f6r att det ska bildas fler band och vi vill inspirera och uppmuntra fler unga att st\u00e4lla sig p\u00e5 scenen. Svindel har spelat p\u00e5 v\u00e5ra konsertkv\u00e4llar i Multeum tv\u00e5 g\u00e5nger tidigare, s\u00e5 det k\u00e4nns v\u00e4ldigt kul att nu f\u00e5 s\u00e4tta dem p\u00e5 en st\u00f6rre scen d\u00e4r \u00e4nnu fler kan uppt\u00e4cka dem, s\u00e4ger Lowe Offerman fr\u00e5n Katakomb.<\/p>\n<p>Barndomsv\u00e4nner p\u00e5 scen<\/p>\n<p class=\"font-normal\">Svindel best\u00e5r av Sigge, Otto, Milian, Jacob och Emanuel. Bandmedlemmarna \u00e4r barndomsv\u00e4nner och fyra av dem har ett f\u00f6rflutet i bandet Ubre Blanca. De har redan hunnit med flera uppskattade spelningar p\u00e5 klubbar i Uppsala och Stockholm, samt p\u00e5 Katakombs egna konsertkv\u00e4llar p\u00e5 Multeum. Jacob syns dessutom som en av deltagarna i tv-programmet Sveriges m\u00e4sterkock.<\/p>\n<p>Aktuella med nytt material<\/p>\n<p class=\"font-normal\">Svindel r\u00f6r sig i gr\u00e4nslandet mellan alternativ rock och shoegaze. Deras musik beskrivs som b\u00e5de tung och melodisk, med en ljudbild som upplevs som b\u00e5de bullrande och omfamnande.<\/p>\n<p class=\"font-normal\">Bandet sl\u00e4ppte sin debut-EP Ryggm\u00e4rg i juni 2025. Sedan dess har de arbetat intensivt i studion och \u00e4r nu h\u00f6gaktuella med ett nytt album som v\u00e4ntas under sommaren 2026. Spelningen p\u00e5 Sommarfest i Str\u00e4ngn\u00e4s blir ett av de f\u00f6rsta tillf\u00e4llena f\u00f6r publiken att h\u00f6ra det nya materialet live.<\/p>\n","protected":false},"excerpt":{"rendered":"En central del av festivalen \u00e4r att lyfta fram lokala f\u00f6rm\u00e5gor och demoband. Bokningarna till den mindre scenen&hellip;\n","protected":false},"author":2,"featured_media":204838,"comment_status":"","ping_status":"","sticky":false,"template":"","format":"standard","meta":{"footnotes":"","_share_on_mastodon":"0"},"categories":[67],"tags":[104,34,1546,31,33,32,30,105],"class_list":["post-204837","post","type-post","status-publish","format-standard","has-post-thumbnail","category-underhallning","tag-entertainment","tag-se","tag-strangnas","tag-svenska","tag-sverige","tag-sweden","tag-swedish","tag-underhallning"],"share_on_mastodon":{"url":"https:\/\/pubeurope.com\/@se\/116318566049002102","error":""},"_links":{"self":[{"href":"https:\/\/www.europesays.com\/se\/wp-json\/wp\/v2\/posts\/204837","targetHints":{"allow":["GET"]}}],"collection":[{"href":"https:\/\/www.europesays.com\/se\/wp-json\/wp\/v2\/posts"}],"about":[{"href":"https:\/\/www.europesays.com\/se\/wp-json\/wp\/v2\/types\/post"}],"author":[{"embeddable":true,"href":"https:\/\/www.europesays.com\/se\/wp-json\/wp\/v2\/users\/2"}],"replies":[{"embeddable":true,"href":"https:\/\/www.europesays.com\/se\/wp-json\/wp\/v2\/comments?post=204837"}],"version-history":[{"count":0,"href":"https:\/\/www.europesays.com\/se\/wp-json\/wp\/v2\/posts\/204837\/revisions"}],"wp:featuredmedia":[{"embeddable":true,"href":"https:\/\/www.europesays.com\/se\/wp-json\/wp\/v2\/media\/204838"}],"wp:attachment":[{"href":"https:\/\/www.europesays.com\/se\/wp-json\/wp\/v2\/media?parent=204837"}],"wp:term":[{"taxonomy":"category","embeddable":true,"href":"https:\/\/www.europesays.com\/se\/wp-json\/wp\/v2\/categories?post=204837"},{"taxonomy":"post_tag","embeddable":true,"href":"https:\/\/www.europesays.com\/se\/wp-json\/wp\/v2\/tags?post=204837"}],"curies":[{"name":"wp","href":"https:\/\/api.w.org\/{rel}","templated":true}]}}