{"id":205158,"date":"2026-03-30T23:39:41","date_gmt":"2026-03-30T23:39:41","guid":{"rendered":"https:\/\/www.europesays.com\/se\/205158\/"},"modified":"2026-03-30T23:39:41","modified_gmt":"2026-03-30T23:39:41","slug":"hjartlakaren-brast-aven-i-sitt-arbete-i-lund","status":"publish","type":"post","link":"https:\/\/www.europesays.com\/se\/205158\/","title":{"rendered":"Hj\u00e4rtl\u00e4karen brast \u00e4ven i sitt arbete i Lund"},"content":{"rendered":"<p>Barnhj\u00e4rtl\u00e4karen som felaktigt friskf\u00f6rklarade hj\u00e4rtsjuka barn i J\u00f6nk\u00f6ping har ocks\u00e5 brustit i sitt arbete p\u00e5 Sk\u00e5nes universitetssjukhus i Lund. Det visar en ny utredning av Region Sk\u00e5ne som ska l\u00e4mnas in till Ivo, skriver DN.<\/p>\n<p>L\u00e4karen beskrivs ha sv\u00e5righeter att samarbeta och vara arrogant och otrevlig. F\u00f6r\u00e4ldrar vittnar om att l\u00e4karen varit h\u00e5rdh\u00e4nt mot barn. Dessutom ska l\u00e4karen ha skickat hem barn trots att de varit i s\u00e5 pass d\u00e5ligt skick att de beh\u00f6vt s\u00f6ka v\u00e5rd igen inom n\u00e5gra timmar. <\/p>\n<p>Utredningen visar att l\u00e4karen \u00e4r en risk f\u00f6r patients\u00e4kerheten, men att de \u201dtveksamma bed\u00f6mningarna\u201d inte \u00e4r lika allvarliga som de som gjorts i J\u00f6nk\u00f6ping.<\/p>\n<p>L\u00e4karen arbetar fortfarande vid sjukhuset, men f\u00e5r inte ha patientkontakt. <\/p>\n<p>Omni \u00e4r politiskt obundna och oberoende. Vi str\u00e4var efter att ge fler perspektiv p\u00e5 nyheterna. Har du fr\u00e5gor eller synpunkter kring v\u00e5r rapportering? <a href=\"https:\/\/omni.se\/hjartlakaren-brast-aven-i-sitt-arbete-i-lund\/a\/mailto:redaktion@omni.se\" class=\"ArticleActions_contactLink__W2F1M\" rel=\"nofollow noopener\" target=\"_blank\">Kontakta redaktionen<\/a><\/p>\n","protected":false},"excerpt":{"rendered":"Barnhj\u00e4rtl\u00e4karen som felaktigt friskf\u00f6rklarade hj\u00e4rtsjuka barn i J\u00f6nk\u00f6ping har ocks\u00e5 brustit i sitt arbete p\u00e5 Sk\u00e5nes universitetssjukhus i&hellip;\n","protected":false},"author":2,"featured_media":205159,"comment_status":"","ping_status":"","sticky":false,"template":"","format":"standard","meta":{"footnotes":"","_share_on_mastodon":"0"},"categories":[5],"tags":[22,23,26,27,17,21,5377,5054,559,560,24,25,1596,28,29,15,16,12819,18,34,389,31,33,32,30,19,20,330],"class_list":["post-205158","post","type-post","status-publish","format-standard","has-post-thumbnail","category-rubriker","tag-breaking-news","tag-breakingnews","tag-featured-news","tag-featurednews","tag-headlines","tag-huvudnyheter","tag-inspektionen-for-vard-och-omsorg","tag-ivo","tag-jonkoping","tag-jonkopings-lan","tag-latest-news","tag-latestnews","tag-lund","tag-main-news","tag-mainnews","tag-news","tag-nyheter","tag-region-skane","tag-rubriker","tag-se","tag-skane-lan","tag-svenska","tag-sverige","tag-sweden","tag-swedish","tag-top-stories","tag-topstories","tag-vard-omsorg"],"share_on_mastodon":{"url":"https:\/\/pubeurope.com\/@se\/116320768175464819","error":""},"_links":{"self":[{"href":"https:\/\/www.europesays.com\/se\/wp-json\/wp\/v2\/posts\/205158","targetHints":{"allow":["GET"]}}],"collection":[{"href":"https:\/\/www.europesays.com\/se\/wp-json\/wp\/v2\/posts"}],"about":[{"href":"https:\/\/www.europesays.com\/se\/wp-json\/wp\/v2\/types\/post"}],"author":[{"embeddable":true,"href":"https:\/\/www.europesays.com\/se\/wp-json\/wp\/v2\/users\/2"}],"replies":[{"embeddable":true,"href":"https:\/\/www.europesays.com\/se\/wp-json\/wp\/v2\/comments?post=205158"}],"version-history":[{"count":0,"href":"https:\/\/www.europesays.com\/se\/wp-json\/wp\/v2\/posts\/205158\/revisions"}],"wp:featuredmedia":[{"embeddable":true,"href":"https:\/\/www.europesays.com\/se\/wp-json\/wp\/v2\/media\/205159"}],"wp:attachment":[{"href":"https:\/\/www.europesays.com\/se\/wp-json\/wp\/v2\/media?parent=205158"}],"wp:term":[{"taxonomy":"category","embeddable":true,"href":"https:\/\/www.europesays.com\/se\/wp-json\/wp\/v2\/categories?post=205158"},{"taxonomy":"post_tag","embeddable":true,"href":"https:\/\/www.europesays.com\/se\/wp-json\/wp\/v2\/tags?post=205158"}],"curies":[{"name":"wp","href":"https:\/\/api.w.org\/{rel}","templated":true}]}}