{"id":205268,"date":"2026-03-31T05:59:12","date_gmt":"2026-03-31T05:59:12","guid":{"rendered":"https:\/\/www.europesays.com\/se\/205268\/"},"modified":"2026-03-31T05:59:12","modified_gmt":"2026-03-31T05:59:12","slug":"instagram-infor-betaltjanst-kan-se-handelser-diskret","status":"publish","type":"post","link":"https:\/\/www.europesays.com\/se\/205268\/","title":{"rendered":"Instagram inf\u00f6r betaltj\u00e4nst \u2013 kan se h\u00e4ndelser \u201ddiskret\u201d"},"content":{"rendered":"<p>Instagram f\u00f6ljer i X och Snapchats fotsp\u00e5r och lanserar en prenumerationstj\u00e4nst med nya funktioner, uppger Meta f\u00f6r AFP.<\/p>\n<p>Betalande anv\u00e4ndare ska bland annat f\u00e5 \u00f6kad kontroll \u00f6ver vilka konton som f\u00e5r se bilder och videor som laddas upp i h\u00e4ndelser. Dessutom blir det m\u00f6jligt att kolla p\u00e5 h\u00e4ndelser \u201ddiskret\u201d.<\/p>\n<p>Den nya tj\u00e4nsten ska nu testas \u201di ett antal l\u00e4nder v\u00e4rlden \u00f6ver\u201d p\u00e5 viktiga marknader, enligt en talesperson.<\/p>\n<p>Enligt uppgifter till Techcrunch g\u00e4ller det bland annat Japan, Mexiko och Filippinerna och prenumerationen kommer kosta runt 2 dollar per m\u00e5nad, motsvarande ungef\u00e4r 19 svenska kronor.<\/p>\n<p>Omni \u00e4r politiskt obundna och oberoende. Vi str\u00e4var efter att ge fler perspektiv p\u00e5 nyheterna. Har du fr\u00e5gor eller synpunkter kring v\u00e5r rapportering? <a href=\"https:\/\/omni.se\/instagram-infor-betaltjanst-kan-se-handelser-diskret\/a\/mailto:redaktion@omni.se\" class=\"ArticleActions_contactLink__W2F1M\" rel=\"nofollow noopener\" target=\"_blank\">Kontakta redaktionen<\/a><\/p>\n","protected":false},"excerpt":{"rendered":"Instagram f\u00f6ljer i X och Snapchats fotsp\u00e5r och lanserar en prenumerationstj\u00e4nst med nya funktioner, uppger Meta f\u00f6r AFP.&hellip;\n","protected":false},"author":2,"featured_media":205269,"comment_status":"","ping_status":"","sticky":false,"template":"","format":"standard","meta":{"footnotes":"","_share_on_mastodon":"0"},"categories":[5],"tags":[22,23,333,26,27,17,21,2623,334,24,25,28,29,2226,15,16,18,34,4545,636,31,33,32,30,19,20],"class_list":["post-205268","post","type-post","status-publish","format-standard","has-post-thumbnail","category-rubriker","tag-breaking-news","tag-breakingnews","tag-data","tag-featured-news","tag-featurednews","tag-headlines","tag-huvudnyheter","tag-instagram","tag-it-hogteknologi","tag-latest-news","tag-latestnews","tag-main-news","tag-mainnews","tag-meta","tag-news","tag-nyheter","tag-rubriker","tag-se","tag-snapchat","tag-sociala-medier","tag-svenska","tag-sverige","tag-sweden","tag-swedish","tag-top-stories","tag-topstories"],"share_on_mastodon":{"url":"https:\/\/pubeurope.com\/@se\/116322262380503343","error":""},"_links":{"self":[{"href":"https:\/\/www.europesays.com\/se\/wp-json\/wp\/v2\/posts\/205268","targetHints":{"allow":["GET"]}}],"collection":[{"href":"https:\/\/www.europesays.com\/se\/wp-json\/wp\/v2\/posts"}],"about":[{"href":"https:\/\/www.europesays.com\/se\/wp-json\/wp\/v2\/types\/post"}],"author":[{"embeddable":true,"href":"https:\/\/www.europesays.com\/se\/wp-json\/wp\/v2\/users\/2"}],"replies":[{"embeddable":true,"href":"https:\/\/www.europesays.com\/se\/wp-json\/wp\/v2\/comments?post=205268"}],"version-history":[{"count":0,"href":"https:\/\/www.europesays.com\/se\/wp-json\/wp\/v2\/posts\/205268\/revisions"}],"wp:featuredmedia":[{"embeddable":true,"href":"https:\/\/www.europesays.com\/se\/wp-json\/wp\/v2\/media\/205269"}],"wp:attachment":[{"href":"https:\/\/www.europesays.com\/se\/wp-json\/wp\/v2\/media?parent=205268"}],"wp:term":[{"taxonomy":"category","embeddable":true,"href":"https:\/\/www.europesays.com\/se\/wp-json\/wp\/v2\/categories?post=205268"},{"taxonomy":"post_tag","embeddable":true,"href":"https:\/\/www.europesays.com\/se\/wp-json\/wp\/v2\/tags?post=205268"}],"curies":[{"name":"wp","href":"https:\/\/api.w.org\/{rel}","templated":true}]}}