{"id":206135,"date":"2026-04-01T04:12:12","date_gmt":"2026-04-01T04:12:12","guid":{"rendered":"https:\/\/www.europesays.com\/se\/206135\/"},"modified":"2026-04-01T04:12:12","modified_gmt":"2026-04-01T04:12:12","slug":"recension-slutpunkt-av-daniel-bjork","status":"publish","type":"post","link":"https:\/\/www.europesays.com\/se\/206135\/","title":{"rendered":"Recension: \u201dSlutpunkt\u201d av Daniel Bj\u00f6rk"},"content":{"rendered":"<p>Publicerad 1 apr 2026 kl 05.00<\/p>\n<p>I \u201dSlutpunkt\u201d m\u00f6ter vi en kvinnlig modejournalist i Paris med \u00e5lderskris.<br \/>Jesper Str\u00f6mb\u00e4ck Eklund l\u00e4ser Daniel Bj\u00f6rks andra roman.<\/p>\n<p><img   alt=\"\"\/><\/p>\n<p>Daniel Bj\u00f6rk \u00e4r modejournalist, bosatt i Paris. \u201dSlutpunkt\u201d \u00e4r hans andra roman.<\/p>\n<p>Foto: Johnny Kangasniemi \/ Norstedts<\/p>\n<p>\u00d6ppna bild i helsk\u00e4rm<img loading=\"lazy\"   alt=\"\"\/><\/p>\n<p>Jesper Str\u00f6mb\u00e4ck Eklund \u00e4r kritiker p\u00e5 Expressens kultursida.<\/p>\n<p>Foto: Olle Sporrong \/ Expressen \/ OLLE SPORRONG<\/p>\n<p>\u00d6ppna bild i helsk\u00e4rm<\/p>\n<p><strong>RECENSION. <\/strong>En f\u00f6rdom jag l\u00e4nge n\u00e4rt om modejournalister \u00e4r att skuld m\u00e5ste vara en viktig motor i skrivandet. Att de alla egentligen t\u00e4nker att mode som kultur inte har samma tyngd som, s\u00e4g, litteratur eller konst. S\u00e5 fj\u00e4lstret fylls ofta med f\u00f6r mycket. Skuldk\u00e4nslorna \u00f6ver ha valt ett liv inom mode \u2013 Yta! Barnarbete! Ideal! \u2013 leder till att man \u00f6verkompenserar. Trycker in alldeles f\u00f6r mycket i betydelsen av formen p\u00e5 en liten hatt.\u00a0<\/p>\n<p>Att jag genom \u00e5ren m\u00f6tt lassvis med pantat modefolk har inte hj\u00e4lpt.\u00a0<\/p>\n<p><img loading=\"lazy\"   alt=\"\"\/> <\/p>\n<p>Foto: Norstedts<\/p>\n<p>\u00d6ppna bild i helsk\u00e4rm<\/p>\n<p>Men modev\u00e4rlden \u00e4r ocks\u00e5 notoriskt sv\u00e5r att skildra. D\u00e4rf\u00f6r \u00e4r det gl\u00e4djande att <strong>Daniel Bj\u00f6rk <\/strong>tar sig an detta i sin andra roman \u201dSlutpunkt\u201d som kretsar kring den halvkrisande, vissnade modejournalisten Bonnie. Hemma i hennes minimala Parislya har en ny f\u00f6rm\u00e5ga gjort entr\u00e9. Det \u00e4r en kvinna hon inte k\u00e4nner igen. \u201dI spegeln blickade hon tillbaka p\u00e5 mig. Kvinnan som inte var jag.\u201d<\/p>\n<p>Hon \u00e4r bara synlig f\u00f6r Bonnie och till sin hj\u00e4lp att reda i detta nyfunna gr\u00e4nstillst\u00e5nd har hon b\u00f6gen Dimitri, stylist, och Jane, en gammal v\u00e4n fr\u00e5n journaliststudierna i England. Bj\u00f6rk l\u00e5ter v\u00e4nnerna spegla Bonnies ambivalenta relation till den modev\u00e4rld hon formats av, men som nu tycks vara p\u00e5 v\u00e4g att spotta ut henne f\u00f6r gott. \u00c4r kvinnogestalten ett svar p\u00e5 detta? Vem ska Bonnie bli i resten av sitt liv?<\/p>\n<blockquote><p>Som helhet ter sig \u201dSlutpunkt\u201d tyv\u00e4rr lika splittrad som det psyke Bj\u00f6rk vill skildra.<\/p><\/blockquote>\n<p>Bj\u00f6rk, som \u00e4r modejournalist och sedan m\u00e5nga \u00e5r bosatt i Paris, \u00e4r v\u00e4l bekant med nyanserna i den v\u00e4rld han skildrar i \u201dSlutpunkt\u201d. Om n\u00e5got \u00e4r romanen en k\u00e4rleksf\u00f6rklaring till Paris, cit\u00e9 de la mode. Den skrivs fram precis s\u00e5 smutsromantisk som staden s\u00e4kerligen tett sig f\u00f6r m\u00e5nga som i sin ungdom tagit sig dit p\u00e5 jakt efter n\u00e5got st\u00f6rre, vackrare.\u00a0<\/p>\n<p>Som helhet ter sig \u201dSlutpunkt\u201d tyv\u00e4rr lika splittrad som det psyke Bj\u00f6rk vill skildra och p\u00e5minner om en l\u00e5ng, strukturl\u00f6s dr\u00f6m. N\u00e4r b\u00e5de en digital avatar och en doppelg\u00e4nger introducerats spricker fj\u00e4lstret. Det \u00e4r en ingrediens f\u00f6r mycket.\u00a0<\/p>\n<p>ROMAN<\/p>\n<p>DANIEL BJ\u00d6RK<\/p>\n<p>Slutpunkt<\/p>\n<p>Norstedts, 214 s.<\/p>\n<p>Visa mer<\/p>\n<p>Jesper Str\u00f6mb\u00e4ck Eklund \u00e4r kritiker p\u00e5 Expressens kultursida.<\/p>\n","protected":false},"excerpt":{"rendered":"Publicerad 1 apr 2026 kl 05.00 I \u201dSlutpunkt\u201d m\u00f6ter vi en kvinnlig modejournalist i Paris med \u00e5lderskris.Jesper Str\u00f6mb\u00e4ck&hellip;\n","protected":false},"author":2,"featured_media":206136,"comment_status":"","ping_status":"","sticky":false,"template":"","format":"standard","meta":{"footnotes":"","_share_on_mastodon":"0"},"categories":[67],"tags":[104,4570,34,438,31,33,32,30,1515,547,4174,105],"class_list":["post-206135","post","type-post","status-publish","format-standard","has-post-thumbnail","category-underhallning","tag-entertainment","tag-location-paris","tag-se","tag-sections-bocker","tag-svenska","tag-sverige","tag-sweden","tag-swedish","tag-topic-bokrecensioner","tag-topic-karlek-relationer","tag-topic-kladindustri","tag-underhallning"],"share_on_mastodon":{"url":"https:\/\/pubeurope.com\/@se\/116327503990602928","error":""},"_links":{"self":[{"href":"https:\/\/www.europesays.com\/se\/wp-json\/wp\/v2\/posts\/206135","targetHints":{"allow":["GET"]}}],"collection":[{"href":"https:\/\/www.europesays.com\/se\/wp-json\/wp\/v2\/posts"}],"about":[{"href":"https:\/\/www.europesays.com\/se\/wp-json\/wp\/v2\/types\/post"}],"author":[{"embeddable":true,"href":"https:\/\/www.europesays.com\/se\/wp-json\/wp\/v2\/users\/2"}],"replies":[{"embeddable":true,"href":"https:\/\/www.europesays.com\/se\/wp-json\/wp\/v2\/comments?post=206135"}],"version-history":[{"count":0,"href":"https:\/\/www.europesays.com\/se\/wp-json\/wp\/v2\/posts\/206135\/revisions"}],"wp:featuredmedia":[{"embeddable":true,"href":"https:\/\/www.europesays.com\/se\/wp-json\/wp\/v2\/media\/206136"}],"wp:attachment":[{"href":"https:\/\/www.europesays.com\/se\/wp-json\/wp\/v2\/media?parent=206135"}],"wp:term":[{"taxonomy":"category","embeddable":true,"href":"https:\/\/www.europesays.com\/se\/wp-json\/wp\/v2\/categories?post=206135"},{"taxonomy":"post_tag","embeddable":true,"href":"https:\/\/www.europesays.com\/se\/wp-json\/wp\/v2\/tags?post=206135"}],"curies":[{"name":"wp","href":"https:\/\/api.w.org\/{rel}","templated":true}]}}