{"id":20621,"date":"2025-09-03T05:26:08","date_gmt":"2025-09-03T05:26:08","guid":{"rendered":"https:\/\/www.europesays.com\/se\/20621\/"},"modified":"2025-09-03T05:26:08","modified_gmt":"2025-09-03T05:26:08","slug":"mia-barnetts-beslut-om-svenska-spraket-respektlost","status":"publish","type":"post","link":"https:\/\/www.europesays.com\/se\/20621\/","title":{"rendered":"Mia Barnetts beslut om svenska spr\u00e5ket: \u201dRespektl\u00f6st\u201d"},"content":{"rendered":"<p>Publicerad 2 sep 2025 kl 17.50Uppdaterad kl 19.49<\/p>\n<p>Den svenska rekordtruppen till VM i Tokyo inneh\u00f6ll ett v\u00e4ldigt \u00f6verraskande namn \u2013 1500 metersl\u00f6paren Mia Barnett.<\/p>\n<p>Den amerikanskf\u00f6dda 21-\u00e5ringen fick b\u00f6rja t\u00e4vla f\u00f6r Sverige f\u00f6rst i juli, men \u00e4r redan klar f\u00f6r sin m\u00e4sterskapsdebut som senior.\u00a0<\/p>\n<p>\u2013 Det kan verka som att det g\u00e5tt v\u00e4ldigt fort, men det h\u00e4r har varit p\u00e5 g\u00e5ng i flera \u00e5r, s\u00e4ger Barnett.\u00a0<\/p>\n<p>Stj\u00e4rnan avslutar karri\u00e4ren \u2013 t\u00e5rarna rinner<img loading=\"lazy\"   alt=\"\"\/><\/p>\n<p>Mia Barnett.<\/p>\n<p>Foto: SIMON HASTEG\u00c5RD<\/p>\n<p>\u00d6ppna bild i helsk\u00e4rm<img loading=\"lazy\"   alt=\"\"\/><\/p>\n<p>Mia Barnett.<\/p>\n<p>Foto: Instagram.<\/p>\n<p>\u00d6ppna bild i helsk\u00e4rm<\/p>\n<p>Solen gassar \u00f6ver Park City i amerikanska Utah. P\u00e5 2100 meters h\u00f6jd tr\u00e4nar en stor grupp l\u00f6pare fr\u00e5n Oregons universitet p\u00e5 grusstigarna som omger staden f\u00f6r att bli redo inf\u00f6r terr\u00e4ngsl\u00f6pningss\u00e4songen.\u00a0<\/p>\n<p>Eller de flesta l\u00f6parna g\u00f6r det, en av dem har n\u00e5got annat i sikte. Det \u00e4r Mia Barnett som ska till friidrotts-VM i Tokyo som Sveriges mest ok\u00e4nda deltagare i truppen. S\u00e5 sent som i b\u00f6rjan av juli i \u00e5r fick hon klartecken att t\u00e4vla f\u00f6r Sverige, \u00e5kte p\u00e5 SM och satte personb\u00e4sta vilket gav henne en biljett till Tokyo.\u00a0<\/p>\n<p>K\u00e4nslan utifr\u00e5n \u00e4r att hela processen g\u00e5tt v\u00e4ldigt fort, men f\u00f6r Barnett har det h\u00e4r varit m\u00e5let i flera \u00e5r.\u00a0<\/p>\n<p>\u2013 Det b\u00f6rjade f\u00f6r lite mer \u00e4n tv\u00e5 \u00e5r sedan n\u00e4r min tr\u00e4nare fick reda p\u00e5 att jag hade en svensk mamma. Han ber\u00e4ttade att jag kunde t\u00e4vla f\u00f6r Sverige och att det skulle ge mig sp\u00e4nnande m\u00f6jligheter i min karri\u00e4r. Jag blev direkt peppad p\u00e5 id\u00e9n, s\u00e4ger Barnett.\u00a0<\/p>\n<p>Mia Barnett om Duplantis nationsbyte: \u201dGjorde det mindre l\u00e4skigt\u201d<\/p>\n<p>Barnett \u00e4r f\u00f6dd i Kalifornien, men hennes mamma \u00e4r fr\u00e5n Stockholm, s\u00e5 hon p\u00e5b\u00f6rjade direkt processen att skaffa ett svenskt medborgarskap, vilket tog n\u00e4stan tv\u00e5 \u00e5r. I februari i \u00e5r fick hon sitt svenska pass och i juli bekr\u00e4ftade det internationella friidrottsf\u00f6rbundet WA hennes \u00f6verg\u00e5ng till Sverige.\u00a0<\/p>\n<p>\u2013 Det k\u00e4nns som att allting som h\u00e4nt haft ett syfte och det k\u00e4nns otroligt att jag nu ska f\u00e5 \u00e5ka till VM och t\u00e4vla f\u00f6r Sverige.\u00a0<\/p>\n<p>Barnett \u00e4r inte den f\u00f6rsta att g\u00f6ra det h\u00e4r bytet i modern tid. Diskustalangen Emma Sralla gjorde det h\u00e4rom\u00e5ret och en viss Armand Duplantis gjorde det redan 2015.\u00a0<\/p>\n<p>Det spelade roll f\u00f6r Barnett.\u00a0<\/p>\n<p>\u2013 Duplantis val att t\u00e4vla f\u00f6r Sverige gjorde det l\u00e4ttare f\u00f6r mig. Det kan vara ot\u00e4ckt att byta nation man t\u00e4vlar f\u00f6r, men Mondo det mindre l\u00e4skigt att byta land, f\u00f6r jag s\u00e5g hur svenskarna v\u00e4lkomnade honom med \u00f6ppna armar.\u00a0<\/p>\n<p>Planen f\u00f6r att l\u00e4ra sig svenska \u2013 och hyllningen till bakverket<\/p>\n<p>Under sommaren fick hon smygtesta p\u00e5 hur det var att t\u00e4vla som svensk. Hon representerade Sverige p\u00e5 U23-EM i Bergen och t\u00e4vlade p\u00e5 b\u00e5de Folksam GP och SM. Hon reste runt i Sverige och Europa under en m\u00e5nads tid \u2013 och nj\u00f6t av varje sekund.\u00a0<\/p>\n<p>\u2013 Den svenska kulturen har alltid funnits med i min familj och jag tycker s\u00e5 mycket om svensk mat. R\u00e4kmacka, det \u00e4lskar jag! Och dammsugare, det \u00e4r s\u00e5 gott. Men om jag f\u00f6rst\u00e5r det r\u00e4tt gillar inte unga m\u00e4nniskor dammsugare?\u00a0<\/p>\n<p><strong>Det kan nog st\u00e4mma.\u00a0<\/strong><\/p>\n<p>Annons<\/p>\n<p>\u2013 De f\u00e5r vara mer \u00f6ppensinnade tycker jag, det \u00e4r s\u00e5 gott.\u00a0<\/p>\n<p>Det svenska spr\u00e5ket beh\u00e4rskar hon dock inte. Inte \u00e4n i alla fall. Barnett har ett tag tagit privatlektioner en g\u00e5ng i veckan och har som m\u00e5l att kunna f\u00f6rst\u00e5 och prata med sina landslagskamrater p\u00e5 svenska n\u00e4sta sommar.\u00a0<\/p>\n<p>\u2013 Det \u00e4r en fr\u00e5ga om respekt f\u00f6r mig. Jag vill inte sitta p\u00e5 en middag d\u00e4r alla ska prata engelska f\u00f6r min skull \u2013 \u00e4ven om de g\u00e4rna skulle g\u00f6ra det, men det skulle k\u00e4nnas respektl\u00f6st.\u00a0<\/p>\n<p>F\u00f6rst ut \u00e4r dock fokuset p\u00e5 VM.\u00a0<\/p>\n<p>Barnett har f\u00f6ljt med sin tr\u00e4nare och tr\u00e4ningsgrupp till Utah f\u00f6r att komma till VM s\u00e5 v\u00e4l f\u00f6rberedd som m\u00f6jligt. Hon har f\u00e5tt ett personaliserat tr\u00e4ningsprogram f\u00f6r att f\u00e5 ut maximalt av h\u00f6gh\u00f6jdsl\u00e4gret. Allt f\u00f6r att hon ska vara i sitt b\u00e4sta slag n\u00e4r hon representerar det svenska seniorlandslaget f\u00f6r f\u00f6rsta g\u00e5ngen.\u00a0<\/p>\n<p>\u2013 Jag vill k\u00e4nna n\u00e4r jag l\u00e4mnar Tokyo att jag har gett allt och tagit r\u00e4tt beslut ute p\u00e5 banan, s\u00e4ger hon.\u00a0<\/p>\n<p>\u2013 Jag \u00e4r verkligen inte n\u00f6jd med att bara vara d\u00e4r.\u00a0<\/p>\n<p>VM i Tokyo avg\u00f6rs mellan den 13-21 september. Sverige skickar en trupp p\u00e5 35 namn d\u00e4r det blir totalt 40 starter, flest i historien.\u00a0<\/p>\n","protected":false},"excerpt":{"rendered":"Publicerad 2 sep 2025 kl 17.50Uppdaterad kl 19.49 Den svenska rekordtruppen till VM i Tokyo inneh\u00f6ll ett v\u00e4ldigt&hellip;\n","protected":false},"author":2,"featured_media":20622,"comment_status":"","ping_status":"","sticky":false,"template":"","format":"standard","meta":{"footnotes":""},"categories":[68],"tags":[34,811,111,110,31,33,32,30],"class_list":{"0":"post-20621","1":"post","2":"type-post","3":"status-publish","4":"format-standard","5":"has-post-thumbnail","7":"category-sport","8":"tag-se","9":"tag-sections-friidrott","10":"tag-sport","11":"tag-sports","12":"tag-svenska","13":"tag-sverige","14":"tag-sweden","15":"tag-swedish"},"share_on_mastodon":{"url":"","error":""},"_links":{"self":[{"href":"https:\/\/www.europesays.com\/se\/wp-json\/wp\/v2\/posts\/20621","targetHints":{"allow":["GET"]}}],"collection":[{"href":"https:\/\/www.europesays.com\/se\/wp-json\/wp\/v2\/posts"}],"about":[{"href":"https:\/\/www.europesays.com\/se\/wp-json\/wp\/v2\/types\/post"}],"author":[{"embeddable":true,"href":"https:\/\/www.europesays.com\/se\/wp-json\/wp\/v2\/users\/2"}],"replies":[{"embeddable":true,"href":"https:\/\/www.europesays.com\/se\/wp-json\/wp\/v2\/comments?post=20621"}],"version-history":[{"count":0,"href":"https:\/\/www.europesays.com\/se\/wp-json\/wp\/v2\/posts\/20621\/revisions"}],"wp:featuredmedia":[{"embeddable":true,"href":"https:\/\/www.europesays.com\/se\/wp-json\/wp\/v2\/media\/20622"}],"wp:attachment":[{"href":"https:\/\/www.europesays.com\/se\/wp-json\/wp\/v2\/media?parent=20621"}],"wp:term":[{"taxonomy":"category","embeddable":true,"href":"https:\/\/www.europesays.com\/se\/wp-json\/wp\/v2\/categories?post=20621"},{"taxonomy":"post_tag","embeddable":true,"href":"https:\/\/www.europesays.com\/se\/wp-json\/wp\/v2\/tags?post=20621"}],"curies":[{"name":"wp","href":"https:\/\/api.w.org\/{rel}","templated":true}]}}