{"id":20687,"date":"2025-09-03T07:10:21","date_gmt":"2025-09-03T07:10:21","guid":{"rendered":"https:\/\/www.europesays.com\/se\/20687\/"},"modified":"2025-09-03T07:10:21","modified_gmt":"2025-09-03T07:10:21","slug":"explosion-vid-port-i-malmo-2","status":"publish","type":"post","link":"https:\/\/www.europesays.com\/se\/20687\/","title":{"rendered":"Explosion vid port i Malm\u00f6"},"content":{"rendered":"<p>N\u00e5gonting har detonerat i en port i Malm\u00f6 under natten, skriver polisen p\u00e5 sin hemsida. Det ska handla om ett flerfamiljshus i stadens centrala delar i n\u00e4rheten av Kronprinsen d\u00e4r det finns b\u00e5de butiker och bost\u00e4der, skriver TT. <\/p>\n<p>Det nationella bombskyddet kallades till platsen under natten. <\/p>\n<p>Det finns inga uppgifter om personskador men byggnaden ska ha skadats. <\/p>\n<p>Omni \u00e4r politiskt obundna och oberoende. Vi str\u00e4var efter att ge fler perspektiv p\u00e5 nyheterna. Har du fr\u00e5gor eller synpunkter kring v\u00e5r rapportering? <a href=\"https:\/\/omni.se\/explosion-vid-port-i-malmo\/a\/mailto:redaktion@omni.se\" class=\"ArticleActions_contactLink__W2F1M\" rel=\"nofollow noopener\" target=\"_blank\">Kontakta redaktionen<\/a><\/p>\n","protected":false},"excerpt":{"rendered":"N\u00e5gonting har detonerat i en port i Malm\u00f6 under natten, skriver polisen p\u00e5 sin hemsida. Det ska handla&hellip;\n","protected":false},"author":2,"featured_media":20688,"comment_status":"","ping_status":"","sticky":false,"template":"","format":"standard","meta":{"footnotes":""},"categories":[5],"tags":[22,23,128,26,27,17,21,24,25,28,29,417,15,16,18,34,389,31,33,32,30,19,20],"class_list":{"0":"post-20687","1":"post","2":"type-post","3":"status-publish","4":"format-standard","5":"has-post-thumbnail","7":"category-rubriker","8":"tag-breaking-news","9":"tag-breakingnews","10":"tag-brott","11":"tag-featured-news","12":"tag-featurednews","13":"tag-headlines","14":"tag-huvudnyheter","15":"tag-latest-news","16":"tag-latestnews","17":"tag-main-news","18":"tag-mainnews","19":"tag-malmo","20":"tag-news","21":"tag-nyheter","22":"tag-rubriker","23":"tag-se","24":"tag-skane-lan","25":"tag-svenska","26":"tag-sverige","27":"tag-sweden","28":"tag-swedish","29":"tag-top-stories","30":"tag-topstories"},"share_on_mastodon":{"url":"","error":""},"_links":{"self":[{"href":"https:\/\/www.europesays.com\/se\/wp-json\/wp\/v2\/posts\/20687","targetHints":{"allow":["GET"]}}],"collection":[{"href":"https:\/\/www.europesays.com\/se\/wp-json\/wp\/v2\/posts"}],"about":[{"href":"https:\/\/www.europesays.com\/se\/wp-json\/wp\/v2\/types\/post"}],"author":[{"embeddable":true,"href":"https:\/\/www.europesays.com\/se\/wp-json\/wp\/v2\/users\/2"}],"replies":[{"embeddable":true,"href":"https:\/\/www.europesays.com\/se\/wp-json\/wp\/v2\/comments?post=20687"}],"version-history":[{"count":0,"href":"https:\/\/www.europesays.com\/se\/wp-json\/wp\/v2\/posts\/20687\/revisions"}],"wp:featuredmedia":[{"embeddable":true,"href":"https:\/\/www.europesays.com\/se\/wp-json\/wp\/v2\/media\/20688"}],"wp:attachment":[{"href":"https:\/\/www.europesays.com\/se\/wp-json\/wp\/v2\/media?parent=20687"}],"wp:term":[{"taxonomy":"category","embeddable":true,"href":"https:\/\/www.europesays.com\/se\/wp-json\/wp\/v2\/categories?post=20687"},{"taxonomy":"post_tag","embeddable":true,"href":"https:\/\/www.europesays.com\/se\/wp-json\/wp\/v2\/tags?post=20687"}],"curies":[{"name":"wp","href":"https:\/\/api.w.org\/{rel}","templated":true}]}}