{"id":20695,"date":"2025-09-03T07:17:31","date_gmt":"2025-09-03T07:17:31","guid":{"rendered":"https:\/\/www.europesays.com\/se\/20695\/"},"modified":"2025-09-03T07:17:31","modified_gmt":"2025-09-03T07:17:31","slug":"misstankte-skolpedofilen-i-forhor-de-ville-ha-omvardnad","status":"publish","type":"post","link":"https:\/\/www.europesays.com\/se\/20695\/","title":{"rendered":"Misst\u00e4nkte \u201dskolpedofilen\u201d i f\u00f6rh\u00f6r: \u201dDe ville ha omv\u00e5rdnad\u201d"},"content":{"rendered":"<p>Publicerad 3 sep 2025 kl 08.12Uppdaterad kl 09.11<\/p>\n<p>Den skolanst\u00e4llde 58-\u00e5ringen kallades f\u00f6r \u201dpeddo\u201d av eleverna.\u00a0<\/p>\n<p>Nu har han \u00e5talats f\u00f6r sexbrott mot femton flickor i l\u00e5gstadie\u00e5ldern \u2013 men skyller sj\u00e4lv p\u00e5 barnen:<\/p>\n<p>\u2013\u00a0Barnen har kommit till mig och blivit kliade eller suttit i kn\u00e4et. N\u00e5gon har lyft p\u00e5 tr\u00f6jan, s\u00e4ger den misst\u00e4nkte \u201dskolpedofilen\u201d i ett polisf\u00f6rh\u00f6r.\u00a0<\/p>\n<p>\u2013 De ville ha omv\u00e5rdnad.\u00a0<\/p>\n<p><img   alt=\"\"\/><\/p>\n<p>Flickorna har gett en samst\u00e4mmig bild av det som h\u00e4nt, s\u00e4ger skolans rektor i polisf\u00f6rh\u00f6r.<\/p>\n<p>Foto: POLISEN<\/p>\n<p>\u00d6ppna bild i helsk\u00e4rm<\/p>\n<p>Den 58-\u00e5rige mannen har under m\u00e5nga \u00e5r arbetat p\u00e5 olika skolor i Mellansverige, och nu senast p\u00e5 en skola i <a href=\"https:\/\/www.expressen.se\/tagg\/location\/uppsala\/\" class=\"\" rel=\"nofollow noopener\" target=\"_blank\">Uppsala<\/a>. Brottsutredningen mot honom tog fart n\u00e4r n\u00e5gra flickor i v\u00e5ras ber\u00e4ttade f\u00f6r en kurator p\u00e5 skolan om mannens beteende.\u00a0<\/p>\n<p>I fredags \u00e5talades han f\u00f6r grovt sexuellt \u00f6vergrepp mot barn, flera fall av grovt sexuellt ofredande mot barn, flera fall av sexuellt ofredande mot barn och ofredande samt barnpornografibrott.<\/p>\n<p>\u2013 Det hela har uppdagats i och med att n\u00e5gra av flickorna har ber\u00e4ttat vad de har varit med om f\u00f6r skolpersonal och v\u00e5rdnadshavare, som d\u00e5 har anm\u00e4lt h\u00e4ndelserna, s\u00e4ger kammar\u00e5klagare Bente Erf\u00e4ldt som \u00e4r f\u00f6runders\u00f6kningsledare.<\/p>\n<p>Skolans rektor ber\u00e4ttar i ett polisf\u00f6rh\u00f6r att flera flickor gett en samst\u00e4mmig bild av det som h\u00e4nt och att deras ber\u00e4ttelser liknar varandra.\u00a0<\/p>\n<p>\u2013 Flickorna ska ha sagt att XX (58-\u00e5ringens namn, red anm) vill att de ska sitta i hans kn\u00e4, och n\u00e4r de satt sig d\u00e4r s\u00e5 b\u00f6rjar han smeka dem p\u00e5 ryggen, rumpan och insidan av l\u00e5ret.<\/p>\n<p>En flicka ber\u00e4ttar i ett f\u00f6rh\u00f6r.\u00a0<\/p>\n<p>\u2013\u00a0Han kommer bara och kliar. Det var inte s\u00e5 sk\u00f6nt f\u00f6r mig och mina v\u00e4nner.<\/p>\n<p>Hotade med att komma in i omkl\u00e4dningsrummet<\/p>\n<p>Hon ber\u00e4ttar ocks\u00e5 att mannen i samband med en idrottslektion hotat att komma in i omkl\u00e4dningsrummet.\u00a0<\/p>\n<p>\u2013 D\u00e5 sa han: \u201dskynda er, annars kommer jag g\u00e5 in i omkl\u00e4dningsrummet\u201d. Fast vi kom ju inte sent eller n\u00e5t s\u00e5nt d\u00e4r, s\u00e5 att d\u00e5 blev vi oroliga allihopa. S\u00e5 vi beh\u00f6vde stressa och kl\u00e4 p\u00e5 oss.<\/p>\n<p>N\u00e4r rektorn i v\u00e5ras gick f\u00f6r att konfrontera mannen satt han med en annan flicka i kn\u00e4et.\u00a0<\/p>\n<p>\u2013 Han s\u00e4ger d\u00e5 att flickorna s\u00e4tter sig i hans kn\u00e4 sj\u00e4lvmant. Jag s\u00e4ger att han beh\u00f6ver agera professionellt och att undvika att ha elever i sitt kn\u00e4, s\u00e4ger rektorn.\u00a0<\/p>\n<p>Men det handlar ocks\u00e5 om betydligt allvarligare \u00f6vergrepp.\u00a0<\/p>\n<p>\u201dKliade henne upp i underlivet\u201d<\/p>\n<p>En elev har i polisf\u00f6rh\u00f6r ber\u00e4ttat att 58-\u00e5ringen vid ett tillf\u00e4lle tog in henne till ett grupprum i skolans lokaler.\u00a0<\/p>\n<p>\u2013 Han stoppade sina fingrar innanf\u00f6r hennes byxor, innanf\u00f6r hennes trosor och sedan i hennes underliv, s\u00e4ger rektorn.<\/p>\n<p>Mannen greps den 15 maj i \u00e5r och har sedan dess f\u00f6rh\u00f6rts flera g\u00e5nger. Han f\u00f6rnekar brott, och h\u00e4vdar att han har en bra relation med alla sina elever. Men samtidigt medger han att han l\u00e5tit elever sitta i hans kn\u00e4 och att han kliat dem p\u00e5 ryggen.<\/p>\n<p>Annons<\/p>\n<p>\u2013 Barnen har bett om det, h\u00e4vdar han.<\/p>\n<p>Han p\u00e5st\u00e5r ocks\u00e5 att en flicka v\u00e4djat till honom om att f\u00e5 bli kliad innanf\u00f6r tr\u00f6jan.<\/p>\n<p>\u2013\u00a0Det har jag gjort n\u00e4r hon bett om det.<\/p>\n<p>58-\u00e5ringen: \u201dDe ville ha den omv\u00e5rdnaden\u201d<\/p>\n<p>Han menar samtidigt att andra skolanst\u00e4llda g\u00f6r likadant.\u00a0<\/p>\n<p>\u2013 Det \u00e4r m\u00e5nga som g\u00f6r s\u00e5 p\u00e5 skolan och att de gick p\u00e5 just mig gjorde mig lite irriterad och st\u00f6rd. Hon gick inte p\u00e5 n\u00e5gra av kvinnorna som gjorde p\u00e5 samma s\u00e4tt. Men det k\u00e4ndes konstigt att s\u00e4ga nej till barnen n\u00e4r de ville ha den omv\u00e5rdnaden.<\/p>\n<p>Mannen medger att han har fotograferat flera barn p\u00e5 skolan, men n\u00e4r han f\u00e5r fr\u00e5gor om en specifik bild som fokuserar p\u00e5 en elevs underliv blir svaret:\u00a0<\/p>\n<p>\u2013 Kameran fokuserar sj\u00e4lv. Det m\u00e5ste vara ett misstag.<\/p>\n<p>\u00c5klagaren: Gott bevisl\u00e4ge<\/p>\n<p><strong>Det finns fler bilder med samma fokusomr\u00e5de. Vad t\u00e4nker du om det?<\/strong><\/p>\n<p><strong>\u2013<\/strong>\u00a0Jag vet inte. Jag har inget att s\u00e4ga om det.<\/p>\n<p><strong>\u00c4r alla av misstag?<\/strong><\/p>\n<p>\u2013 Ingen kommentar. Kan inte svara p\u00e5 det.<\/p>\n<p>Senior \u00e5klagare Erik Gr\u00f6nvall, som \u00e4r bitr\u00e4dande f\u00f6runders\u00f6kningsledare, s\u00e4ger:<br \/>\u2013 Vi bed\u00f6mer bevisl\u00e4get som gott. Materialet best\u00e5r bland annat av flickornas samst\u00e4mmiga ber\u00e4ttelser b\u00e5de om vad som skett dem och vad de sett andra flickor uts\u00e4ttas f\u00f6r, och teknisk bevisning i form av bilder och filmer i den \u00e5talades elektroniska enheter.<\/p>\n","protected":false},"excerpt":{"rendered":"Publicerad 3 sep 2025 kl 08.12Uppdaterad kl 09.11 Den skolanst\u00e4llde 58-\u00e5ringen kallades f\u00f6r \u201dpeddo\u201d av eleverna.\u00a0 Nu har&hellip;\n","protected":false},"author":2,"featured_media":20696,"comment_status":"","ping_status":"","sticky":false,"template":"","format":"standard","meta":{"footnotes":""},"categories":[12],"tags":[22,23,26,27,17,21,24,25,958,28,29,15,16,400,18,34,154,31,33,32,30,19,136,1242,20],"class_list":{"0":"post-20695","1":"post","2":"type-post","3":"status-publish","4":"format-standard","5":"has-post-thumbnail","7":"category-sverige","8":"tag-breaking-news","9":"tag-breakingnews","10":"tag-featured-news","11":"tag-featurednews","12":"tag-headlines","13":"tag-huvudnyheter","14":"tag-latest-news","15":"tag-latestnews","16":"tag-location-uppsala","17":"tag-main-news","18":"tag-mainnews","19":"tag-news","20":"tag-nyheter","21":"tag-organization-polisen","22":"tag-rubriker","23":"tag-se","24":"tag-sections-sverige","25":"tag-svenska","26":"tag-sverige","27":"tag-sweden","28":"tag-swedish","29":"tag-top-stories","30":"tag-topic-rattegangar-domar","31":"tag-topic-sexualbrott","32":"tag-topstories"},"share_on_mastodon":{"url":"","error":""},"_links":{"self":[{"href":"https:\/\/www.europesays.com\/se\/wp-json\/wp\/v2\/posts\/20695","targetHints":{"allow":["GET"]}}],"collection":[{"href":"https:\/\/www.europesays.com\/se\/wp-json\/wp\/v2\/posts"}],"about":[{"href":"https:\/\/www.europesays.com\/se\/wp-json\/wp\/v2\/types\/post"}],"author":[{"embeddable":true,"href":"https:\/\/www.europesays.com\/se\/wp-json\/wp\/v2\/users\/2"}],"replies":[{"embeddable":true,"href":"https:\/\/www.europesays.com\/se\/wp-json\/wp\/v2\/comments?post=20695"}],"version-history":[{"count":0,"href":"https:\/\/www.europesays.com\/se\/wp-json\/wp\/v2\/posts\/20695\/revisions"}],"wp:featuredmedia":[{"embeddable":true,"href":"https:\/\/www.europesays.com\/se\/wp-json\/wp\/v2\/media\/20696"}],"wp:attachment":[{"href":"https:\/\/www.europesays.com\/se\/wp-json\/wp\/v2\/media?parent=20695"}],"wp:term":[{"taxonomy":"category","embeddable":true,"href":"https:\/\/www.europesays.com\/se\/wp-json\/wp\/v2\/categories?post=20695"},{"taxonomy":"post_tag","embeddable":true,"href":"https:\/\/www.europesays.com\/se\/wp-json\/wp\/v2\/tags?post=20695"}],"curies":[{"name":"wp","href":"https:\/\/api.w.org\/{rel}","templated":true}]}}