{"id":20725,"date":"2025-09-03T08:07:06","date_gmt":"2025-09-03T08:07:06","guid":{"rendered":"https:\/\/www.europesays.com\/se\/20725\/"},"modified":"2025-09-03T08:07:06","modified_gmt":"2025-09-03T08:07:06","slug":"covid-19-kopplas-till-okad-risk-for-astma-men-vaccin-skyddar-2","status":"publish","type":"post","link":"https:\/\/www.europesays.com\/se\/20725\/","title":{"rendered":"Covid-19 kopplas till \u00f6kad risk f\u00f6r astma \u2013 men vaccin skyddar"},"content":{"rendered":"<p>Personer som haft covid-19 l\u00f6per \u00f6kad risk att utveckla vissa inflammatoriska sjukdomar i luftv\u00e4garna, som astma, h\u00f6snuva och kronisk bih\u00e5leinflammation. Vaccinering verkar dock minska den risken, visar en studie.<\/p>\n<p>Ett internationellt forskarlag som letts av Karolinska institutet har unders\u00f6kt sambandet mellan covid-19 och s\u00e5 kallade typ-2-inflammatoriska sjukdomar. Det \u00e4r en grupp kroniska tillst\u00e5nd d\u00e4r immunf\u00f6rsvaret reagerar \u00f6verdrivet p\u00e5 allergener eller infektioner.<\/p>\n<p>Forskarna utgick fr\u00e5n en elektronisk h\u00e4lsodatabas i USA, TriNetX, och j\u00e4mf\u00f6rde 973 794 personer som haft covid-19 med 691 270 personer som vaccinerats mot viruset och 4 388 409 friska kontrollpersoner utan dokumenterad infektion eller vaccination.<\/p>\n<p>Personer som haft covid-19 hade 66 procent h\u00f6gre risk att utveckla astma, 74 procent h\u00f6gre risk f\u00f6r kronisk bih\u00e5leinflammation och 27 procent h\u00f6gre risk f\u00f6r h\u00f6snuva j\u00e4mf\u00f6rt med friska kontrollpersoner. D\u00e4remot s\u00e5gs ingen \u00f6kad risk f\u00f6r hudsjukdomen atopiskt eksem eller f\u00f6r eosinofil esofagit, en inflammation i matstrupen.<\/p>\n<p>\u2013 V\u00e5ra resultat tyder p\u00e5 att covid-19 kan trigga typ-2-inflammation i luftv\u00e4garna, men inte i andra organ, s\u00e4ger Philip Curman, l\u00e4kare och forskare vid institutionen f\u00f6r medicinsk <a class=\"glossaryLink\" aria-describedby=\"tt\" data-cmtooltip=\"&lt;div class=glossaryItemBody&gt; Ett forskningsomr\u00e5de som unders\u00f6ker hur h\u00e4lsa och sjukdomar h\u00e4nger ihop med olika faktorer i samh\u00e4llet.&lt;br\/&gt;Epidemiologi handlar  ...&lt;\/div&gt;&lt;div class=glossaryTooltipMoreLinkWrapper&gt;&lt;a class=glossaryTooltipMoreLink href=https:\/\/www.forskning.se\/ordlista\/epidemiologi\/ &gt;L\u00e4s mer&lt;\/a&gt;&lt;\/div&gt;\" href=\"https:\/\/www.forskning.se\/ordlista\/epidemiologi\/\" data-mobile-support=\"0\" data-gt-translate-attributes=\"[{\" attribute=\"\" tabindex=\"0\" role=\"link\" rel=\"nofollow noopener\" target=\"_blank\">epidemiologi<\/a> och biostatistik vid Karolinska institutet, i ett pressmeddelande.<\/p>\n<p>L\u00e4gre risk f\u00f6r de vaccinerade<\/p>\n<p>Vaccination mot viruset visade motsatt effekt. Risken f\u00f6r astma var 32 procent l\u00e4gre bland vaccinerade j\u00e4mf\u00f6rt med friska ovaccinerade individer. \u00c4ven risken f\u00f6r bih\u00e5leinflammation och h\u00f6snuva var n\u00e5got l\u00e4gre.<\/p>\n<p>N\u00e4r personer som haft covid-19 j\u00e4mf\u00f6rdes med dem som var vaccinerade s\u00e5gs en \u00e4nnu tydligare effekt. Infekterade personer hade mer \u00e4n dubbelt s\u00e5 h\u00f6g risk att utveckla astma eller kronisk bih\u00e5leinflammation och 40 procent h\u00f6gre risk att utveckla h\u00f6snuva j\u00e4mf\u00f6rt med dem som vaccinerats.<\/p>\n<p>\u2013 Det \u00e4r intressant att se att vaccination inte bara skyddar mot infektionen i sig, utan \u00e4ven verkar ha ett gott skydd mot vissa f\u00f6ljdsjukdomar i luftv\u00e4garna, s\u00e4ger Philip Curman.<\/p>\n<p>Studien \u00e4r retrospektiv, vilket inneb\u00e4r att den bygger p\u00e5 redan insamlade <a class=\"glossaryLink\" aria-describedby=\"tt\" data-cmtooltip=\"&lt;div class=glossaryItemBody&gt; Information som samlas in och analyseras i forskning \u2013 till exempel texter, siffror, bilder eller intervjusvar.&lt;br\/&gt;Data \u00e4r  ...&lt;\/div&gt;&lt;div class=glossaryTooltipMoreLinkWrapper&gt;&lt;a class=glossaryTooltipMoreLink href=https:\/\/www.forskning.se\/ordlista\/data\/ &gt;L\u00e4s mer&lt;\/a&gt;&lt;\/div&gt;\" href=\"https:\/\/www.forskning.se\/ordlista\/data\/\" data-mobile-support=\"0\" data-gt-translate-attributes=\"[{\" attribute=\"\" tabindex=\"0\" role=\"link\" rel=\"nofollow noopener\" target=\"_blank\">data<\/a>. Det g\u00f6r att forskarna inte kan dra s\u00e4kra slutsatser om <a class=\"glossaryLink\" aria-describedby=\"tt\" data-cmtooltip=\"&lt;div class=glossaryItemBody&gt; N\u00e4r en sak leder till en annan \u2013 som att r\u00f6kning \u00f6kar risken f\u00f6r lungcancer.&lt;br\/&gt;Ett orsakssamband inneb\u00e4r att n\u00e5got faktiskt  ...&lt;\/div&gt;&lt;div class=glossaryTooltipMoreLinkWrapper&gt;&lt;a class=glossaryTooltipMoreLink href=https:\/\/www.forskning.se\/ordlista\/orsakssamband\/ &gt;L\u00e4s mer&lt;\/a&gt;&lt;\/div&gt;\" href=\"https:\/\/www.forskning.se\/ordlista\/orsakssamband\/\" data-mobile-support=\"0\" data-gt-translate-attributes=\"[{\" attribute=\"\" tabindex=\"0\" role=\"link\" rel=\"nofollow noopener\" target=\"_blank\">orsakssamband<\/a>. En annan begr\u00e4nsning \u00e4r att vissa infektioner kan ha varit odokumenterade, s\u00e4rskilt om de uppt\u00e4ckts via sj\u00e4lvtester.<\/p>\n<p>Vetenskaplig artikel:<\/p>\n<p><a href=\"https:\/\/doi.org\/10.1016\/j.jaci.2025.07.030\" rel=\"nofollow noopener\" target=\"_blank\">COVID-19 infection raises respiratory type-2 inflammatory disease risk, whereas vaccination is protective<\/a>, The Journal of Allergy and Clinical Immunology.<\/p>\n","protected":false},"excerpt":{"rendered":"Personer som haft covid-19 l\u00f6per \u00f6kad risk att utveckla vissa inflammatoriska sjukdomar i luftv\u00e4garna, som astma, h\u00f6snuva och&hellip;\n","protected":false},"author":2,"featured_media":20726,"comment_status":"","ping_status":"","sticky":false,"template":"","format":"standard","meta":{"footnotes":""},"categories":[69],"tags":[113,112,505,34,31,33,32,30],"class_list":{"0":"post-20725","1":"post","2":"type-post","3":"status-publish","4":"format-standard","5":"has-post-thumbnail","7":"category-halsa","8":"tag-halsa","9":"tag-health","10":"tag-nyhet","11":"tag-se","12":"tag-svenska","13":"tag-sverige","14":"tag-sweden","15":"tag-swedish"},"share_on_mastodon":{"url":"","error":""},"_links":{"self":[{"href":"https:\/\/www.europesays.com\/se\/wp-json\/wp\/v2\/posts\/20725","targetHints":{"allow":["GET"]}}],"collection":[{"href":"https:\/\/www.europesays.com\/se\/wp-json\/wp\/v2\/posts"}],"about":[{"href":"https:\/\/www.europesays.com\/se\/wp-json\/wp\/v2\/types\/post"}],"author":[{"embeddable":true,"href":"https:\/\/www.europesays.com\/se\/wp-json\/wp\/v2\/users\/2"}],"replies":[{"embeddable":true,"href":"https:\/\/www.europesays.com\/se\/wp-json\/wp\/v2\/comments?post=20725"}],"version-history":[{"count":0,"href":"https:\/\/www.europesays.com\/se\/wp-json\/wp\/v2\/posts\/20725\/revisions"}],"wp:featuredmedia":[{"embeddable":true,"href":"https:\/\/www.europesays.com\/se\/wp-json\/wp\/v2\/media\/20726"}],"wp:attachment":[{"href":"https:\/\/www.europesays.com\/se\/wp-json\/wp\/v2\/media?parent=20725"}],"wp:term":[{"taxonomy":"category","embeddable":true,"href":"https:\/\/www.europesays.com\/se\/wp-json\/wp\/v2\/categories?post=20725"},{"taxonomy":"post_tag","embeddable":true,"href":"https:\/\/www.europesays.com\/se\/wp-json\/wp\/v2\/tags?post=20725"}],"curies":[{"name":"wp","href":"https:\/\/api.w.org\/{rel}","templated":true}]}}