{"id":207553,"date":"2026-04-02T05:47:14","date_gmt":"2026-04-02T05:47:14","guid":{"rendered":"https:\/\/www.europesays.com\/se\/207553\/"},"modified":"2026-04-02T05:47:14","modified_gmt":"2026-04-02T05:47:14","slug":"ar-i-slutet-av-livet","status":"publish","type":"post","link":"https:\/\/www.europesays.com\/se\/207553\/","title":{"rendered":"\u201d\u00c4r i slutet av livet\u201d"},"content":{"rendered":"<p>Uppdaterad 2 apr 2026 kl 07.13Publicerad 2 apr 2026 kl 06.30<\/p>\n<p>Marie G\u00f6ranzon befinner sig i slutet av livet.<\/p>\n<p>Det konstaterar hon i en <a href=\"https:\/\/www.svtplay.se\/video\/ep3XZ2G\/marie-goranzon-nar-rampljuset-slocknar\" rel=\"nofollow noopener\" target=\"_blank\">ny SVT-dokument\u00e4r<\/a> om hennes liv.\u00a0<\/p>\n<p>\u2013 Jag har inte f\u00f6rst\u00e5tt, f\u00f6rr\u00e4n nu, att det \u00e4r ju slut snart!, s\u00e4ger sk\u00e5despelaren.<\/p>\n<p><img   alt=\"\"\/><\/p>\n<p>I en ny dokument\u00e4r p\u00e5 SVT ber\u00e4ttar Marie G\u00f6ranzon om sitt liv.<\/p>\n<p>Foto: SVT<\/p>\n<p>\u00d6ppna bild i helsk\u00e4rm<img loading=\"lazy\"   alt=\"\"\/><\/p>\n<p>I dokument\u00e4ren f\u00e5r tittarna en inblick i hennes liv med Jan Malmsj\u00f6.<\/p>\n<p>Foto: SVT<\/p>\n<p>\u00d6ppna bild i helsk\u00e4rm<\/p>\n<p><a href=\"https:\/\/www.expressen.se\/tagg\/person\/marie-goranzon\/\" class=\"\" rel=\"nofollow noopener\" target=\"_blank\">Marie G\u00f6ranzon<\/a>, 83, har st\u00e5tt p\u00e5 scenen i \u00f6ver sextio \u00e5r. Hon har synts i otaliga f\u00f6rest\u00e4llningar p\u00e5 Dramaten och lika m\u00e5nga filmer, d\u00e4ribland ett tiotal \u201dBeck\u201d-filmer.<\/p>\n<p>Men snart \u00e4r det \u00f6ver.\u00a0<\/p>\n<p>Det konstaterar sk\u00e5despelaren i SVT-dokument\u00e4ren <a href=\"https:\/\/www.svtplay.se\/video\/ep3XZ2G\/marie-goranzon-nar-rampljuset-slocknar\" rel=\"nofollow noopener\" target=\"_blank\">\u201dMarie G\u00f6ranzon \u2013 n\u00e4r rampljuset slocknar\u201d<\/a> d\u00e4r hon reflekterar \u00f6ver sitt liv.<\/p>\n<p>\u2013 Jag borde ju sk\u00e4mmas egentligen, s\u00e4ger hon och skrattar.<\/p>\n<p>Hon forts\u00e4tter:<\/p>\n<p>\u2013 Nej, jag t\u00e4nker s\u00e5 ibland, \u201dGud, vad menar jag? Varf\u00f6r h\u00e5ller jag p\u00e5?\u201d. F\u00f6r att jag tycker att det \u00e4r roligt fortfarande.\u00a0<\/p>\n<p>G\u00f6ranzon fr\u00e5gar sig sj\u00e4lv vad det \u00e4r som \u00e5terst\u00e5r, och svaret \u00e4r d\u00f6den.\u00a0<\/p>\n<p>\u2013 Allts\u00e5 livets slut. Jag \u00e4r ju inte mitt i livet. Jag \u00e4r i slutet av livet. Det \u00e4r sant! Det h\u00e4r hittar jag inte p\u00e5. Jag har inte f\u00f6rst\u00e5tt, f\u00f6rr\u00e4n nu, att det \u00e4r ju slut snart!, s\u00e4ger sk\u00e5despelaren.\u00a0<\/p>\n<p>D\u00e5 har \u00e4ktenskapet fungerat som b\u00e4st<\/p>\n<p>I dokument\u00e4ren f\u00e5r tittarna ocks\u00e5 en inblick i Marie G\u00f6ranzons liv ihop med maken, tillika sk\u00e5despelaren, Jan Malmsj\u00f6, 93. Paret har varit gifta sedan 1974, och har m\u00e5nga g\u00e5nger jobbat tillsammans i olika teaterupps\u00e4ttningar.\u00a0<\/p>\n<p>I SVT s\u00e4ger G\u00f6ranzon att relationen alltid fungerat som b\u00e4st under perioder n\u00e4r de arbetat tillsammans.<\/p>\n<p>\u2013 D\u00e4r har vi varit v\u00e4ldigt bra och duktiga m\u00e5ste jag s\u00e4ga. Vi funkade ju v\u00e4ldigt bra \u00e4ven i privatlivet n\u00e4r vi jobbade ihop. N\u00e4r man har spelat \u201dD\u00f6dsdansen\u201d hundra g\u00e5nger, ja men d\u00e5 g\u00e5r man ju inte hem och sk\u00e4ller n\u00e4r man har sk\u00e4llt p\u00e5 scenen i tre timmar. Det orkar man ju inte, va? s\u00e4ger G\u00f6ranzon och Malmsj\u00f6 skrattar.\u00a0<\/p>\n<p>Jan Malmsj\u00f6 s\u00e4ger d\u00e5 att de aldrig sk\u00e4llt p\u00e5 varandra och G\u00f6ranzon menar att det \u00e4r \u201datt bl\u00e5ljuga\u201d f\u00f6r visst har hon sk\u00e4llt p\u00e5 honom, och han p\u00e5 henne.\u00a0<\/p>\n<p>          Vill du veta mer? Fr\u00e5ga Getingen!<\/p>\n<p>            <img loading=\"lazy\" decoding=\"async\" width=\"64\" height=\"64\" src=\"https:\/\/www.europesays.com\/se\/wp-content\/uploads\/2026\/02\/804.png\" alt=\"\"\/><\/p>\n<p>\nVill du ha \u00e4nnu mer info? V\u00e4lj en fr\u00e5ga nedan eller skriv en egen! <a href=\"https:\/\/www.expressen.se\/nyheter\/fraga-getingen-\/\" target=\"_blank\" text-decoration:=\"\" none=\"\" rel=\"nofollow noopener\">Expressens AI-bot<\/a> baseras endast p\u00e5 v\u00e5r samlade journalistik, granskad av journalister.\n  <\/p>\n","protected":false},"excerpt":{"rendered":"Uppdaterad 2 apr 2026 kl 07.13Publicerad 2 apr 2026 kl 06.30 Marie G\u00f6ranzon befinner sig i slutet av&hellip;\n","protected":false},"author":2,"featured_media":207554,"comment_status":"","ping_status":"","sticky":false,"template":"","format":"standard","meta":{"footnotes":"","_share_on_mastodon":"0"},"categories":[67],"tags":[104,361,16972,15026,34,645,31,33,32,30,310,547,109,105],"class_list":["post-207553","post","type-post","status-publish","format-standard","has-post-thumbnail","category-underhallning","tag-entertainment","tag-organization-svt","tag-person-jan-malmsjo","tag-person-marie-goranzon","tag-se","tag-sections-tv","tag-svenska","tag-sverige","tag-sweden","tag-swedish","tag-topic-kandisar","tag-topic-karlek-relationer","tag-topic-skadespelare","tag-underhallning"],"share_on_mastodon":{"url":"https:\/\/pubeurope.com\/@se\/116333539814277355","error":""},"_links":{"self":[{"href":"https:\/\/www.europesays.com\/se\/wp-json\/wp\/v2\/posts\/207553","targetHints":{"allow":["GET"]}}],"collection":[{"href":"https:\/\/www.europesays.com\/se\/wp-json\/wp\/v2\/posts"}],"about":[{"href":"https:\/\/www.europesays.com\/se\/wp-json\/wp\/v2\/types\/post"}],"author":[{"embeddable":true,"href":"https:\/\/www.europesays.com\/se\/wp-json\/wp\/v2\/users\/2"}],"replies":[{"embeddable":true,"href":"https:\/\/www.europesays.com\/se\/wp-json\/wp\/v2\/comments?post=207553"}],"version-history":[{"count":0,"href":"https:\/\/www.europesays.com\/se\/wp-json\/wp\/v2\/posts\/207553\/revisions"}],"wp:featuredmedia":[{"embeddable":true,"href":"https:\/\/www.europesays.com\/se\/wp-json\/wp\/v2\/media\/207554"}],"wp:attachment":[{"href":"https:\/\/www.europesays.com\/se\/wp-json\/wp\/v2\/media?parent=207553"}],"wp:term":[{"taxonomy":"category","embeddable":true,"href":"https:\/\/www.europesays.com\/se\/wp-json\/wp\/v2\/categories?post=207553"},{"taxonomy":"post_tag","embeddable":true,"href":"https:\/\/www.europesays.com\/se\/wp-json\/wp\/v2\/tags?post=207553"}],"curies":[{"name":"wp","href":"https:\/\/api.w.org\/{rel}","templated":true}]}}