{"id":20812,"date":"2025-09-03T09:49:08","date_gmt":"2025-09-03T09:49:08","guid":{"rendered":"https:\/\/www.europesays.com\/se\/20812\/"},"modified":"2025-09-03T09:49:08","modified_gmt":"2025-09-03T09:49:08","slug":"familjen-borgs-sorg-efter-dodsfallet-tennis","status":"publish","type":"post","link":"https:\/\/www.europesays.com\/se\/20812\/","title":{"rendered":"Familjen Borgs sorg efter d\u00f6dsfallet | Tennis"},"content":{"rendered":"<p>Publicerad 3 sep 2025 kl 08.33Uppdaterad kl 10.20<\/p>\n<p>Familjen Borg har sorg.<\/p>\n<p>P\u00e5 Bj\u00f6rn och Patricia Borgs gemensamma Instagram-konto delar de under onsdagsmorgonen nyheten om att Patricias pappa Folke har d\u00f6tt.\u00a0<\/p>\n<p>\u201dI dag vaknar vi upp till en v\u00e4rld som f\u00f6rlorade \u00e4nnu en vacker sj\u00e4l i g\u00e5r kv\u00e4ll\u201d, skriver de.\u00a0<\/p>\n<p><img loading=\"lazy\"   alt=\"\"\/><\/p>\n<p>Bj\u00f6rn och Patricia Borg.<\/p>\n<p>Foto: Jonas Ekstr\u00f6mer \/ TT NYHETSBYR\u00c5N<\/p>\n<p>\u00d6ppna bild i helsk\u00e4rm<img loading=\"lazy\"   alt=\"\"\/><\/p>\n<p>Patricias pappa Folke har g\u00e5tt bort, meddelar familjen.<\/p>\n<p>Foto: Instagram<\/p>\n<p>\u00d6ppna bild i helsk\u00e4rm<\/p>\n<p>I ett gripande inl\u00e4gg p\u00e5 Instagram delar Bj\u00f6rn och Patricia Borg nyheten om att Patricias pappa g\u00e5tt bort under g\u00e5rdagen.<\/p>\n<p>\u201dMin pappa Folke f\u00f6rlorade sin sista strid vid 92 \u00e5rs \u00e5lder.\u201d\u00a0<\/p>\n<p>Patricia skriver vidare om sorgen:<\/p>\n<p>\u201dDu kommer att saknas, men precis som att dina sista ord till mig var &#8217;Allt kommer att bli bra!&#8217;, s\u00e5 kommer \u00e4ven detta att g\u00e5 \u00f6ver\u201d, st\u00e5r det i inl\u00e4gget.<\/p>\n<p>Folke s\u00f6rjs av Patricia, Bj\u00f6rn, barn, barnbarn, barnbarnsbarn och m\u00e5nga fler, enligt inl\u00e4gget. Ett av barnbarnen \u00e4r tennistalangen Leo Borg. \u00c4ven han n\u00e4mns i texten.<\/p>\n<p>\u201dSom Leo sa kommer himlen att f\u00e5 en till \u00e4ngel i dag!\u201d st\u00e5r det.<\/p>\n<p><a href=\"https:\/\/www.instagram.com\/p\/DOITllmAlpp\/?igsh=MWcxbDk4czlrempnNA%3D%3D\" data-provider=\"instagram\" class=\"js-social-embed\" rel=\"nofollow noopener\" target=\"_blank\">https:\/\/www.instagram.com\/p\/DOITllmAlpp\/?igsh=MWcxbDk4czlrempnNA%3D%3D<\/a><img alt=\"\"\/>Ljudklippet gick inte att spela upp<\/p>\n<p>F\u00f6rs\u00f6k igen senare<\/p>\n<p><script async src=\"\/\/www.instagram.com\/embed.js\"><\/script><\/p>\n","protected":false},"excerpt":{"rendered":"Publicerad 3 sep 2025 kl 08.33Uppdaterad kl 10.20 Familjen Borg har sorg. P\u00e5 Bj\u00f6rn och Patricia Borgs gemensamma&hellip;\n","protected":false},"author":2,"featured_media":20813,"comment_status":"","ping_status":"","sticky":false,"template":"","format":"standard","meta":{"footnotes":""},"categories":[67],"tags":[104,308,34,307,31,33,32,30,105],"class_list":{"0":"post-20812","1":"post","2":"type-post","3":"status-publish","4":"format-standard","5":"has-post-thumbnail","7":"category-underhallning","8":"tag-entertainment","9":"tag-person-bjorn-borg","10":"tag-se","11":"tag-sections-tennis","12":"tag-svenska","13":"tag-sverige","14":"tag-sweden","15":"tag-swedish","16":"tag-underhallning"},"share_on_mastodon":{"url":"","error":""},"_links":{"self":[{"href":"https:\/\/www.europesays.com\/se\/wp-json\/wp\/v2\/posts\/20812","targetHints":{"allow":["GET"]}}],"collection":[{"href":"https:\/\/www.europesays.com\/se\/wp-json\/wp\/v2\/posts"}],"about":[{"href":"https:\/\/www.europesays.com\/se\/wp-json\/wp\/v2\/types\/post"}],"author":[{"embeddable":true,"href":"https:\/\/www.europesays.com\/se\/wp-json\/wp\/v2\/users\/2"}],"replies":[{"embeddable":true,"href":"https:\/\/www.europesays.com\/se\/wp-json\/wp\/v2\/comments?post=20812"}],"version-history":[{"count":0,"href":"https:\/\/www.europesays.com\/se\/wp-json\/wp\/v2\/posts\/20812\/revisions"}],"wp:featuredmedia":[{"embeddable":true,"href":"https:\/\/www.europesays.com\/se\/wp-json\/wp\/v2\/media\/20813"}],"wp:attachment":[{"href":"https:\/\/www.europesays.com\/se\/wp-json\/wp\/v2\/media?parent=20812"}],"wp:term":[{"taxonomy":"category","embeddable":true,"href":"https:\/\/www.europesays.com\/se\/wp-json\/wp\/v2\/categories?post=20812"},{"taxonomy":"post_tag","embeddable":true,"href":"https:\/\/www.europesays.com\/se\/wp-json\/wp\/v2\/tags?post=20812"}],"curies":[{"name":"wp","href":"https:\/\/api.w.org\/{rel}","templated":true}]}}