{"id":208224,"date":"2026-04-02T21:15:09","date_gmt":"2026-04-02T21:15:09","guid":{"rendered":"https:\/\/www.europesays.com\/se\/208224\/"},"modified":"2026-04-02T21:15:09","modified_gmt":"2026-04-02T21:15:09","slug":"paskfylla-bland-unga-pa-parkering","status":"publish","type":"post","link":"https:\/\/www.europesays.com\/se\/208224\/","title":{"rendered":"P\u00e5skfylla bland unga p\u00e5 parkering"},"content":{"rendered":"<p>Polisen f\u00f6rv\u00e4ntar sig en st\u00f6kig p\u00e5sk p\u00e5 varuhuset Asecs parkering i J\u00f6nk\u00f6ping, skriver Expressen. Ungdomar fr\u00e5n s\u00f6dra Sverige tros ta sig till omr\u00e5det f\u00f6r att festa och polisen tror att det kommer handla om upp mot 9\u202f000 personer.<\/p>\n<p>\u2013 Men vi hoppas att det ska g\u00e5 lugnt till och att vi inte f\u00e5r den typen av statistik p\u00e5 omh\u00e4ndertagna och brottsanm\u00e4lningar som f\u00f6rra \u00e5ret, s\u00e4ger Maja Karlsson, kommunpolis, till Expressen.<\/p>\n<p>Samtidigt ser polisen stora problem med narkotika i omr\u00e5det, skriver J\u00f6nk\u00f6pings-Posten. Framf\u00f6r allt \u00e4r det g\u00e4ngkriminella som aktivt s\u00f6ker upp ungdomar f\u00f6r att s\u00e4lja.<\/p>\n<p>D\u00e4rf\u00f6r kommer f\u00e4ltare fr\u00e5n 15 olika kommuner och volont\u00e4rer att hj\u00e4lpas \u00e5t under helgen. Flera civilpoliser kommer ocks\u00e5 att vistas i omr\u00e5det.<\/p>\n<p>Omni \u00e4r politiskt obundna och oberoende. Vi str\u00e4var efter att ge fler perspektiv p\u00e5 nyheterna. Har du fr\u00e5gor eller synpunkter kring v\u00e5r rapportering? <a href=\"https:\/\/omni.se\/polisens-varning-paskfylla-bland-unga-pa-parkering\/a\/mailto:redaktion@omni.se\" class=\"ArticleActions_contactLink__W2F1M\" rel=\"nofollow noopener\" target=\"_blank\">Kontakta redaktionen<\/a><\/p>\n","protected":false},"excerpt":{"rendered":"Polisen f\u00f6rv\u00e4ntar sig en st\u00f6kig p\u00e5sk p\u00e5 varuhuset Asecs parkering i J\u00f6nk\u00f6ping, skriver Expressen. Ungdomar fr\u00e5n s\u00f6dra Sverige&hellip;\n","protected":false},"author":2,"featured_media":208225,"comment_status":"","ping_status":"","sticky":false,"template":"","format":"standard","meta":{"footnotes":"","_share_on_mastodon":"0"},"categories":[12],"tags":[22,23,128,26,27,17,21,559,560,24,25,28,29,15,16,18,34,31,33,32,30,19,20],"class_list":["post-208224","post","type-post","status-publish","format-standard","has-post-thumbnail","category-sverige","tag-breaking-news","tag-breakingnews","tag-brott","tag-featured-news","tag-featurednews","tag-headlines","tag-huvudnyheter","tag-jonkoping","tag-jonkopings-lan","tag-latest-news","tag-latestnews","tag-main-news","tag-mainnews","tag-news","tag-nyheter","tag-rubriker","tag-se","tag-svenska","tag-sverige","tag-sweden","tag-swedish","tag-top-stories","tag-topstories"],"share_on_mastodon":{"url":"https:\/\/pubeurope.com\/@se\/116337188799031416","error":""},"_links":{"self":[{"href":"https:\/\/www.europesays.com\/se\/wp-json\/wp\/v2\/posts\/208224","targetHints":{"allow":["GET"]}}],"collection":[{"href":"https:\/\/www.europesays.com\/se\/wp-json\/wp\/v2\/posts"}],"about":[{"href":"https:\/\/www.europesays.com\/se\/wp-json\/wp\/v2\/types\/post"}],"author":[{"embeddable":true,"href":"https:\/\/www.europesays.com\/se\/wp-json\/wp\/v2\/users\/2"}],"replies":[{"embeddable":true,"href":"https:\/\/www.europesays.com\/se\/wp-json\/wp\/v2\/comments?post=208224"}],"version-history":[{"count":0,"href":"https:\/\/www.europesays.com\/se\/wp-json\/wp\/v2\/posts\/208224\/revisions"}],"wp:featuredmedia":[{"embeddable":true,"href":"https:\/\/www.europesays.com\/se\/wp-json\/wp\/v2\/media\/208225"}],"wp:attachment":[{"href":"https:\/\/www.europesays.com\/se\/wp-json\/wp\/v2\/media?parent=208224"}],"wp:term":[{"taxonomy":"category","embeddable":true,"href":"https:\/\/www.europesays.com\/se\/wp-json\/wp\/v2\/categories?post=208224"},{"taxonomy":"post_tag","embeddable":true,"href":"https:\/\/www.europesays.com\/se\/wp-json\/wp\/v2\/tags?post=208224"}],"curies":[{"name":"wp","href":"https:\/\/api.w.org\/{rel}","templated":true}]}}