{"id":208775,"date":"2026-04-03T12:01:09","date_gmt":"2026-04-03T12:01:09","guid":{"rendered":"https:\/\/www.europesays.com\/se\/208775\/"},"modified":"2026-04-03T12:01:09","modified_gmt":"2026-04-03T12:01:09","slug":"andringen-i-gift-vid-forsta-ogonkastet-pa-svt","status":"publish","type":"post","link":"https:\/\/www.europesays.com\/se\/208775\/","title":{"rendered":"\u00c4ndringen i \u201dGift vid f\u00f6rsta \u00f6gonkastet\u201d p\u00e5 SVT"},"content":{"rendered":"<p>Publicerad 3 apr 2026 kl 12.30<\/p>\n<p>\u201dGift vid f\u00f6rsta \u00f6gonkastet\u201d \u00e4r tillbaka i SVT.<\/p>\n<p>Och i den nya s\u00e4songen har det skett en f\u00f6r\u00e4ndring.\u00a0<\/p>\n<p>\u2013 Det finns en rad olika teorier om vad vi attraheras av, s\u00e4ger sexologen Suzann Larsdotter.<\/p>\n<p><img   alt=\"\"\/><\/p>\n<p>Deltagaren John ska just f\u00e5 lyssna p\u00e5 r\u00f6stmeddelandet fr\u00e5n sin blivande fru.<\/p>\n<p>Foto: SVT<\/p>\n<p>\u00d6ppna bild i helsk\u00e4rm<img loading=\"lazy\"   alt=\"\"\/><\/p>\n<p>Deltagaren Sofie plockar h\u00e5rstr\u00e5n fr\u00e5n ett kl\u00e4desplagg hon f\u00e5tt skickat till sig.<\/p>\n<p>Foto: SVT<\/p>\n<p>\u00d6ppna bild i helsk\u00e4rm<img loading=\"lazy\"   alt=\"\"\/> <\/p>\n<p>Foto: SVT<\/p>\n<p>\u00d6ppna bild i helsk\u00e4rm<img loading=\"lazy\"   alt=\"\"\/> <\/p>\n<p>Foto: SVT<\/p>\n<p>\u00d6ppna bild i helsk\u00e4rm<\/p>\n<p>Supersnackisen \u201dLove is blind\u201d p\u00e5 Netflix har just n\u00e5tt sitt slut, och d\u00e5 tar n\u00e4sta dejtingreality vid.\u00a0<\/p>\n<p>P\u00e5 fredagen \u00e4r SVT:s \u201d<a href=\"https:\/\/www.expressen.se\/tagg\/organization\/gift-vid-forsta-ogonkastet\/\" class=\"\" rel=\"nofollow noopener\" target=\"_blank\">Gift vid f\u00f6rsta \u00f6gonkastet<\/a> tillbaka p\u00e5 SVT play.\u00a0<\/p>\n<p>I programmet matchas \u00e5tta deltagare ihop i par och gifter sig med varandra utan att ha tr\u00e4ffats.<\/p>\n<p>I alla s\u00e4songer hittills har de blivande paren f\u00e5tt skicka r\u00f6stmeddelanden till varandra inf\u00f6r br\u00f6llopet, de f\u00e5r h\u00f6ra varandras r\u00f6ster och veta lite mer om sin respektives k\u00e4nslor inf\u00f6r den stora dagen.\u00a0<\/p>\n<p>I den nya s\u00e4songen har det dock skett en f\u00f6r\u00e4ndring, f\u00f6rklarar sexologen Suzann Larsdotter:<\/p>\n<p>\u2013 I \u00e5r f\u00e5r de ocks\u00e5 skicka med ett kl\u00e4desplagg. Det finns en rad olika teorier om vad vi attraheras av och att bara f\u00e5 lukta in sin partners doft kan verkligen ocks\u00e5 skapa ett s\u00e4tt att knyta an till den andra, s\u00e4ger hon i programmet.<\/p>\n<p><img loading=\"lazy\"   alt=\"\"\/><\/p>\n<p>Deltagaren Emilia luktar p\u00e5 sin blivande partners tr\u00f6ja.<\/p>\n<p>Foto: SVT<\/p>\n<p>\u00d6ppna bild i helsk\u00e4rm<img loading=\"lazy\"   alt=\"\"\/><\/p>\n<p>Ocks\u00e5 deltagaren Anna fick en tr\u00f6ja skickad till sig.<\/p>\n<p>Foto: SVT<\/p>\n<p>\u00d6ppna bild i helsk\u00e4rm<\/p>\n","protected":false},"excerpt":{"rendered":"Publicerad 3 apr 2026 kl 12.30 \u201dGift vid f\u00f6rsta \u00f6gonkastet\u201d \u00e4r tillbaka i SVT. Och i den nya&hellip;\n","protected":false},"author":2,"featured_media":208776,"comment_status":"","ping_status":"","sticky":false,"template":"","format":"standard","meta":{"footnotes":"","_share_on_mastodon":"0"},"categories":[67],"tags":[104,3059,361,34,645,31,33,32,30,547,218,105],"class_list":["post-208775","post","type-post","status-publish","format-standard","has-post-thumbnail","category-underhallning","tag-entertainment","tag-organization-gift-vid-forsta-ogonkastet","tag-organization-svt","tag-se","tag-sections-tv","tag-svenska","tag-sverige","tag-sweden","tag-swedish","tag-topic-karlek-relationer","tag-topic-realityprogram","tag-underhallning"],"share_on_mastodon":{"url":"https:\/\/pubeurope.com\/@se\/116340672602475466","error":""},"_links":{"self":[{"href":"https:\/\/www.europesays.com\/se\/wp-json\/wp\/v2\/posts\/208775","targetHints":{"allow":["GET"]}}],"collection":[{"href":"https:\/\/www.europesays.com\/se\/wp-json\/wp\/v2\/posts"}],"about":[{"href":"https:\/\/www.europesays.com\/se\/wp-json\/wp\/v2\/types\/post"}],"author":[{"embeddable":true,"href":"https:\/\/www.europesays.com\/se\/wp-json\/wp\/v2\/users\/2"}],"replies":[{"embeddable":true,"href":"https:\/\/www.europesays.com\/se\/wp-json\/wp\/v2\/comments?post=208775"}],"version-history":[{"count":0,"href":"https:\/\/www.europesays.com\/se\/wp-json\/wp\/v2\/posts\/208775\/revisions"}],"wp:featuredmedia":[{"embeddable":true,"href":"https:\/\/www.europesays.com\/se\/wp-json\/wp\/v2\/media\/208776"}],"wp:attachment":[{"href":"https:\/\/www.europesays.com\/se\/wp-json\/wp\/v2\/media?parent=208775"}],"wp:term":[{"taxonomy":"category","embeddable":true,"href":"https:\/\/www.europesays.com\/se\/wp-json\/wp\/v2\/categories?post=208775"},{"taxonomy":"post_tag","embeddable":true,"href":"https:\/\/www.europesays.com\/se\/wp-json\/wp\/v2\/tags?post=208775"}],"curies":[{"name":"wp","href":"https:\/\/api.w.org\/{rel}","templated":true}]}}