{"id":209659,"date":"2026-04-04T16:52:21","date_gmt":"2026-04-04T16:52:21","guid":{"rendered":"https:\/\/www.europesays.com\/se\/209659\/"},"modified":"2026-04-04T16:52:21","modified_gmt":"2026-04-04T16:52:21","slug":"linnea-17-drogs-in-i-kriminalitet-via-sociala-medier-tjejerna-pa-sis-hemmen-expressen","status":"publish","type":"post","link":"https:\/\/www.europesays.com\/se\/209659\/","title":{"rendered":"Linnea, 17, drogs in i kriminalitet via sociala medier \u2022 Tjejerna p\u00e5 Sis-hemmen &#8211; Expressen"},"content":{"rendered":"<ol>\n<li><a href=\"https:\/\/news.google.com\/rss\/articles\/CBMiiwFBVV95cUxOdEo1Mlpzell0Mmh0X0tvamVxTDU3Nm5LazFvVm4tbURrV2lxX0d3ZUwta3RHR1hBbjFHcEZmVWdXVDdpOGQ4ZmYyMC1XbW9jWllsWXY3emVmREczakpCU3R5czRMbVBPWXF2MlI2LWxhQmNjQUprclRVeGRiQjBYUDJRQndSY2J3eXVz?oc=5\" target=\"_blank\" rel=\"nofollow noopener\">Linnea, 17, drogs in i kriminalitet via sociala medier \u2022 Tjejerna p\u00e5 Sis-hemmen<\/a>&nbsp;&nbsp;Expressen<\/li>\n<li><a href=\"https:\/\/news.google.com\/rss\/articles\/CBMikgFBVV95cUxNcDhsUG1qNlY3Tmlnd3NwYWszMVlCZkhob0RacVFCWEpMNmhveFo5QWU0a1dXU25jc2pwZ0p3UW5wbU40U255UlprLTNHcEFOQmVUMk9YVDEtOXhCZWVral9URkhhRnp1eHdNNXE0am52a1JncmI3c1FzQXRwRUktM3pPSkd6c19va0FpRkg5U2FEZw?oc=5\" target=\"_blank\" rel=\"nofollow noopener\">D\u00e4rf\u00f6r rekryterar g\u00e4ngen tjejer: \u201dM\u00e5ste v\u00e4nda p\u00e5 tanken\u201d<\/a>&nbsp;&nbsp;svt.se<\/li>\n<li><a href=\"https:\/\/news.google.com\/rss\/articles\/CBMieEFVX3lxTE02VktiaEttR0FUT1NlVVpOTkRWNFZXUFhmWXF5LU1oaEo4Z1FaWm5IVHZjUXJkWXlXRkZIMVFVTlBQaVlJNjVhSl96UlMyaFM0Q3NqelM0blJ3VGY5eXNQSzBmLWhIZjNVVE9Xc0h4b2xXLVZKSG8wTg?oc=5\" target=\"_blank\" rel=\"nofollow noopener\">G\u00e4ngen rekryterar tjejer: \u201dDe g\u00e5r under radarn\u201d<\/a>&nbsp;&nbsp;Omni<\/li>\n<li><a href=\"https:\/\/news.google.com\/rss\/articles\/CBMingFBVV95cUxNcURFelYtaXBTa3l5VFNWc0xXV0JyRjVJNFFBNjItRVJrNUtadGF2a0xCaHY0QU5HLTZYbFJTN3BEQzk1NjFMaFVnR2dTcDlzcVhpZjgyTWNHOWw0d2c2YkRVaHFCRUlCQmJqdlBCeVJDZFJObm8tX2EtUl9Od3J3OUlJNVVqM2N2Vlk5TXBJY3JGRjZiOUFOcXg5dkIxdw?oc=5\" target=\"_blank\" rel=\"nofollow noopener\">Tv\u00e5 mord p\u00e5 tre dagar \u2013 misst\u00e4nkt flicka var ok\u00e4nd f\u00f6r polisen<\/a>&nbsp;&nbsp;Sveriges Radio<\/li>\n<li><a href=\"https:\/\/news.google.com\/rss\/articles\/CBMiowFBVV95cUxPcGktLWNCdWtiMzg0M1dxMzRmN3BHd2JkcEhyQk9HNDJjbHlkeEpwWnJzOG1YeU1Jek1mUmZBc2RCbjg2b3NWTnc1YWhXZVZ5MkdDNjF2SVg5VEhNNmY2cmpPc2pucnFPRkNfMkEwNzEyR0RFRFZ0bkZnZVUzX21VUFNhdF84ZFNpdXZaYkxGZUlTdkdPTGdEZ2xhNXFlZ0ViS3Uw?oc=5\" target=\"_blank\" rel=\"nofollow noopener\">Misst\u00e4nkta dubbelm\u00f6rdarens tid i h\u00e4ktet: \u201dV\u00e4luppfostrad och artig\u201d<\/a>&nbsp;&nbsp;Aftonbladet<\/li>\n<\/ol>\n","protected":false},"excerpt":{"rendered":"Linnea, 17, drogs in i kriminalitet via sociala medier \u2022 Tjejerna p\u00e5 Sis-hemmen&nbsp;&nbsp;Expressen D\u00e4rf\u00f6r rekryterar g\u00e4ngen tjejer: \u201dM\u00e5ste&hellip;\n","protected":false},"author":2,"featured_media":209660,"comment_status":"","ping_status":"","sticky":false,"template":"","format":"standard","meta":{"footnotes":"","_share_on_mastodon":"0"},"categories":[5],"tags":[22,23,26,27,329,15109,440,17,21,24,25,28,29,15,16,4559,103,18,34,154,31,33,32,30,19,547,1153,1876,436,20],"class_list":["post-209659","post","type-post","status-publish","format-standard","has-post-thumbnail","category-rubriker","tag-breaking-news","tag-breakingnews","tag-featured-news","tag-featurednews","tag-function-kvinna","tag-function-svenska-case","tag-function-unga","tag-headlines","tag-huvudnyheter","tag-latest-news","tag-latestnews","tag-main-news","tag-mainnews","tag-news","tag-nyheter","tag-organization-sis","tag-premium","tag-rubriker","tag-se","tag-sections-sverige","tag-svenska","tag-sverige","tag-sweden","tag-swedish","tag-top-stories","tag-topic-karlek-relationer","tag-topic-kriminalvard-fangelse","tag-topic-psykisk-ohalsa","tag-topic-valdsbrott-mord","tag-topstories"],"share_on_mastodon":{"url":"","error":"Validation failed: Text character limit of 500 exceeded"},"_links":{"self":[{"href":"https:\/\/www.europesays.com\/se\/wp-json\/wp\/v2\/posts\/209659","targetHints":{"allow":["GET"]}}],"collection":[{"href":"https:\/\/www.europesays.com\/se\/wp-json\/wp\/v2\/posts"}],"about":[{"href":"https:\/\/www.europesays.com\/se\/wp-json\/wp\/v2\/types\/post"}],"author":[{"embeddable":true,"href":"https:\/\/www.europesays.com\/se\/wp-json\/wp\/v2\/users\/2"}],"replies":[{"embeddable":true,"href":"https:\/\/www.europesays.com\/se\/wp-json\/wp\/v2\/comments?post=209659"}],"version-history":[{"count":0,"href":"https:\/\/www.europesays.com\/se\/wp-json\/wp\/v2\/posts\/209659\/revisions"}],"wp:featuredmedia":[{"embeddable":true,"href":"https:\/\/www.europesays.com\/se\/wp-json\/wp\/v2\/media\/209660"}],"wp:attachment":[{"href":"https:\/\/www.europesays.com\/se\/wp-json\/wp\/v2\/media?parent=209659"}],"wp:term":[{"taxonomy":"category","embeddable":true,"href":"https:\/\/www.europesays.com\/se\/wp-json\/wp\/v2\/categories?post=209659"},{"taxonomy":"post_tag","embeddable":true,"href":"https:\/\/www.europesays.com\/se\/wp-json\/wp\/v2\/tags?post=209659"}],"curies":[{"name":"wp","href":"https:\/\/api.w.org\/{rel}","templated":true}]}}