{"id":209661,"date":"2026-04-04T16:59:18","date_gmt":"2026-04-04T16:59:18","guid":{"rendered":"https:\/\/www.europesays.com\/se\/209661\/"},"modified":"2026-04-04T16:59:18","modified_gmt":"2026-04-04T16:59:18","slug":"sa-dras-tjejer-in-i-gangkriminalitet","status":"publish","type":"post","link":"https:\/\/www.europesays.com\/se\/209661\/","title":{"rendered":"S\u00e5 dras tjejer in i g\u00e4ngkriminalitet"},"content":{"rendered":"<p>Publicerad 4 apr 2026 kl 05.00<\/p>\n<p>G\u00e4ngkriminella milj\u00f6er \u00e4r mansdominerade, men tjejer fyller en viktig funktion.<\/p>\n<p>Lina Grip, tillf\u00f6rordnad sektionschef f\u00f6r Sis forsknings- och utvecklingsavdelning, f\u00f6rklarar hur det g\u00e5r till n\u00e4r flickor knyts till g\u00e4ngens n\u00e4tverk.<\/p>\n<p><img   alt=\"\"\/> <\/p>\n<p>Foto: ANNA-KARIN NILSSON<\/p>\n<p>\u00d6ppna bild i helsk\u00e4rm<\/p>\n<p>Medan killar brukar avancera i de kriminella g\u00e4ngen genom att successivt ta p\u00e5 sig allt st\u00f6rre uppgifter, ansluter flickor ofta \u201dfr\u00e5n sidan\u201d.<\/p>\n<p>\u2013 De rekryteras inte i samma utstr\u00e4ckning, utan kommer inte s\u00e4llan in via k\u00e4rleksrelationer med en g\u00e4ngkriminell kille, s\u00e4ger Lina Grip.<\/p>\n<p>Artikeln i korthet:<\/p>\n<p> Flickors v\u00e4g in i g\u00e4ngkriminalitet g\u00e5r ofta via k\u00e4rleksrelationer med g\u00e4ngkriminella pojkv\u00e4nner.\u00a0<\/p>\n<p> De uts\u00e4tts ofta f\u00f6r v\u00e5ld i n\u00e4ra relationer och kan ha sv\u00e5rt att l\u00e4mna milj\u00f6n, eftersom deras sociala tillh\u00f6righet och trygghet \u00e4r knuten till g\u00e4nget.\u00a0<\/p>\n<p> \u00c5terfallsrisken \u00e4r h\u00f6g, och bristen p\u00e5 samordnad efterv\u00e5rd kan g\u00f6ra det utmanande att skapa ett nytt liv utanf\u00f6r kriminaliteten.<\/p>\n<p>Visa mer<a href=\"https:\/\/infogram.com\/1pxdpwv2l601e0uqemklyj65jgtn92d657z\" data-provider=\"infogram\" class=\"js-social-embed\" rel=\"nofollow noopener\" target=\"_blank\">https:\/\/infogram.com\/1pxdpwv2l601e0uqemklyj65jgtn92d657z<\/a><\/p>\n<p>Kriminaliteten normaliseras gradvis. En del av tjejerna har vuxit upp med familjemedlemmar och killkompisar som beg\u00e5r brott, medan andra s\u00f6ker sig aktivt till s\u00e5dana milj\u00f6er f\u00f6r att f\u00e5 tillg\u00e5ng till narkotika. Eller s\u00e5 stiftar de bekantskap med g\u00e4ngen via mannen de \u00e4lskar och vill \u201dst\u00e4lla upp\u201d f\u00f6r honom.<\/p>\n<p>\u2013 Det \u00e4r en mansdominerad milj\u00f6 och kvinnorna har begr\u00e4nsat inflytande i n\u00e4tverken. Men kvinnorna \u00e4r viktiga f\u00f6r den brottsliga verksamheten. Det \u00e4r vanligt att de transporterar, f\u00f6rvarar och f\u00f6rpackar vapen och narkotika, inte minst f\u00f6r att de ofta g\u00e5r under radarn och l\u00f6per mindre risk att bli uppt\u00e4ckta.<\/p>\n<blockquote><p>Det \u00e4r sv\u00e5rt att undvika att utnyttjas, \u00e4ven sexuellt<\/p><\/blockquote>\n<p>Samtidigt \u00e4r det vanligt att kvinnorna uts\u00e4tts f\u00f6r v\u00e5ld i sina n\u00e4ra relationer.<\/p>\n<p>\u2013 Det \u00e4r sv\u00e5rt att undvika att utnyttjas, \u00e4ven sexuellt. Ens beskydd \u00e4r villkorat. G\u00f6r du slut eller om killen tar avst\u00e5nd kan du f\u00f6rlora sin plats i g\u00e4nget.<\/p>\n<p><img loading=\"lazy\"   alt=\"\"\/><\/p>\n<p>Lina Grip, tillf\u00f6rordnad sektionschef f\u00f6r Sis forsknings- och utvecklingsavdelning och filosofie doktor i statsvetenskap.<\/p>\n<p>Foto: Statens institutionsstyrelse<\/p>\n<p>\u00d6ppna bild i helsk\u00e4rm<\/p>\n<p>Det f\u00f6rekommer att man uts\u00e4tts f\u00f6r v\u00e5ld b\u00e5de inom och utom parrelationen, framg\u00e5r det n\u00e4r <a href=\"https:\/\/bra.se\/rapporter\/arkiv\/2025-10-22-flickor-och-kvinnor-i-kriminella-natverk\" rel=\"nofollow noopener\" target=\"_blank\">Br\u00e5<\/a> har djupintervjuat flickor i g\u00e4ngkontexten.<\/p>\n<p>\u2013 N\u00e4rvaron av v\u00e5ld g\u00f6r ocks\u00e5 n\u00e5got. Du ser dels din pojkv\u00e4n uts\u00e4tta andra f\u00f6r v\u00e5ld och vet vad han har f\u00f6r v\u00e5ldskapital och r\u00e5kar inte s\u00e4llan sj\u00e4lv ut f\u00f6r det, s\u00e4ger Lina Grip.<\/p>\n<p>L\u00e4ttare att ers\u00e4tta flickor<\/p>\n<p>Att tjejernas roll i g\u00e4ngen ofta \u00e4r avh\u00e4ngig av hur deras relation till en man ser ut kan p\u00e5 ett s\u00e4tt tolkas som att det borde vara l\u00e4ttare att l\u00e4mna den kriminella milj\u00f6n.<\/p>\n<p>\u2013 Tjejer anses l\u00e4ttare att ers\u00e4tta i de h\u00e4r sammanhangen. Men det kan vara sv\u00e5rt nog att l\u00e4mna en v\u00e5ldsam parrelation som inte \u00e4r i en g\u00e4ngkontext. Ska du bryta med en kriminell pojkv\u00e4n kanske du riskerar hela ditt sociala umg\u00e4nge.<\/p>\n<p>Och medan unga m\u00e4n som l\u00e4mnar de kriminella g\u00e4ngen efterlyser hj\u00e4lp mot en stark hotbild beh\u00f6ver unga kvinnor i motsvarande situation snarare st\u00f6d.<\/p>\n<p>\u2013 Bostad, f\u00f6rs\u00f6rjning, behandling, psykologsamtal och hj\u00e4lp med eventuell beroendev\u00e5rd \u00e4r A och O. En del \u00e4r ocks\u00e5 skuldsatta. Att f\u00e5 ett jobb kan vara helt avg\u00f6rande, men m\u00e5nga uttrycker att det \u00e4r om\u00f6jligt att f\u00e5 det n\u00e4r man inte har g\u00e5tt ut gymnasiet eller kanske inte ens har klarat grundskolan.<\/p>\n<p>Annons<\/p>\n<p>Tjejer g\u00e5r ofta under radarn<\/p>\n<p>\u2022 Just nu (mars 2026) avtj\u00e4nar 262 pojkar och flickor sluten ungdomsv\u00e5rd p\u00e5 Sis. Tjejer utg\u00f6r en v\u00e4ldigt liten minoritet.<\/p>\n<p>\u2022 Unga m\u00e4ns brottslighet uppt\u00e4cks och lagf\u00f6rs oftare.<\/p>\n<p>\u2022 Tjejer som kopplas till n\u00e4tverken har i genomsnitt 18 brottsmisstankar mot sig vardera, visar <a href=\"https:\/\/bra.se\/rapporter\/arkiv\/2025-10-22-flickor-och-kvinnor-i-kriminella-natverk\" rel=\"nofollow noopener\" target=\"_blank\">Br\u00e5s genomlysning<\/a>. Somliga \u00e4r ocks\u00e5 d\u00f6mda f\u00f6r exempelvis bedr\u00e4gerier, penningtv\u00e4tt och grova v\u00e5ldsbrott.<\/p>\n<p>\u2022 Djupintervjuer visar att flickor uppger att de st\u00e4ller upp och g\u00f6r tj\u00e4nster, eller tar \u00e5terkommande uppdrag fr\u00e5n g\u00e4ngen. Ofta handlar deras involvering om narkotikabrottsligheten, men kvinnor kan till exempel ocks\u00e5 anv\u00e4ndas till att misshandla andra kvinnor som ska bestraffas eftersom det ut\u00e5t sett ses som tabu att m\u00e4n misshandlar kvinnor, enligt Sis-forskningschefen Lina Grip.<\/p>\n<p>Visa mer<img loading=\"lazy\"   alt=\"\"\/><\/p>\n<p>Gemensamma ytor p\u00e5 Sis-hemmen kamera\u00f6vervakas, f\u00f6r allas s\u00e4kerhet.<\/p>\n<p>Foto: ANNA-KARIN NILSSON<\/p>\n<p>\u00d6ppna bild i helsk\u00e4rm<img loading=\"lazy\"   alt=\"\"\/><\/p>\n<p>S\u00e5 h\u00e4r kan ett boenderum p\u00e5 Sis se ut. Alla m\u00f6bler \u00e4r v\u00e4ggfasta f\u00f6r att undvika att man kan sj\u00e4lvskada med dem. F\u00f6nstren \u00e4r okrossbara.<\/p>\n<p>Foto: ANNA-KARIN NILSSON<\/p>\n<p>\u00d6ppna bild i helsk\u00e4rm<\/p>\n<p>\u00c5terfallsrisken \u00e4r stor. Bland unga g\u00e4ngkriminella d\u00f6mdes f\u00f6r n\u00e5gra \u00e5r sedan uppemot nio av tio f\u00f6r nya brott, visade en granskning fr\u00e5n det svenska research- och databasf\u00f6retaget <a href=\"https:\/\/actapublica.se\/nyheter\/rapport-domda-till-vard\/\" rel=\"nofollow noopener\" target=\"_blank\">Actapublica<\/a>. Enligt samma rapport (fr\u00e5n 2023) begick ocks\u00e5 sju av tio ungdomar som d\u00f6mts till sluten ungdomsv\u00e5rd f\u00f6r nya brott.<\/p>\n<p>\u2013 F\u00f6rekommer du redan f\u00f6r 18 brottsmisstankar \u00e4r det v\u00e4ldigt stor risk att det blir 19, j\u00e4mf\u00f6rt med risken att du g\u00e5r fr\u00e5n misst\u00e4nkt i ett brott till tv\u00e5, s\u00e4ger Lina Grip.<\/p>\n<p>Dels \u00e4r det h\u00f6gre \u00e5terfallsrisk bland dem som beg\u00e5r v\u00e5ldsbrott och dels \u00e4r tidig debut, vilket man har om man d\u00f6ms till sluten ungdomsv\u00e5rd p\u00e5 Sis, en riskfaktor.<\/p>\n<blockquote><p>Det \u00e4r olyckligt att vi inte har en mer sammanh\u00e5llen v\u00e5rdkedja<\/p><\/blockquote>\n<p>Hur det g\u00e5r f\u00f6r ungdomarna som l\u00e4mnar Sis beror ocks\u00e5 mycket p\u00e5 hur samarbetet med respektive hemkommun fungerar.<\/p>\n<p>\u2013 Det \u00e4r olyckligt att vi inte har en mer sammanh\u00e5llen v\u00e5rdkedja och robust efterv\u00e5rd. Du kan ha g\u00e5tt i skolan och blivit drogfri under din tid p\u00e5 Sis, men v\u00e5ra insatser tar slut n\u00e4r du skrivs ut fr\u00e5n ungdomsv\u00e5rden. I b\u00e4sta fall kan vi f\u00f6re utskrivning vara med och hj\u00e4lpa motiverade att exempelvis hitta praktikplats.<\/p>\n<p>Att f\u00e5 en kontaktperson p\u00e5 socialtj\u00e4nsten som man har ett m\u00f6te med n\u00e5gon vecka efter frisl\u00e4ppandet r\u00e4cker s\u00e4llan, enligt Lina Grip.<\/p>\n<p>\u2013 Om alla ens kompisar \u00e4r kriminella och du inte har n\u00e5gon ordnad tillvaro att komma ut till, vad har du d\u00e5 att falla tillbaka p\u00e5? Mycket kokar ner till att handla om relationer och tillh\u00f6righet, med skola, f\u00f6r\u00e4ldrar, syskon, personal. Men d\u00e5 m\u00e5ste vi se till att inte alla lagliga v\u00e4gar fram\u00e5t \u00e4r st\u00e4ngda.<\/p>\n<p><img loading=\"lazy\"   alt=\"\"\/><\/p>\n<p>De som d\u00f6ms till sluten ungdomsv\u00e5rd har r\u00e4tt att varje dag f\u00e5 frisk luft. Rastg\u00e5rdarna \u00e4r omgivna av galler f\u00f6r att f\u00f6rsv\u00e5ra rymning.<\/p>\n<p>Foto: ANNA-KARIN NILSSON<\/p>\n<p>\u00d6ppna bild i helsk\u00e4rmS\u00e5 f\u00e5r du som vill l\u00e4mna kriminaliteten st\u00f6d:<\/p>\n<p>\u2022 Det finns avhopparprogram f\u00f6r dig som vill l\u00e4mna ett kriminellt liv.<\/p>\n<p>\u2022 Kontakta polisen (telefonnummer 114 14) och be att f\u00e5 prata med avhopparsamordnaren i din polisregion.<\/p>\n<p>\u2022 Du kan \u00e4ven ringa din kommuns socialtj\u00e4nst f\u00f6r att f\u00e5 hj\u00e4lp med skydd, boende, studier och att bryta sociala m\u00f6nster. Kommuner erbjuder ofta st\u00f6d via s\u00e4rskilda insatsteam och socialtj\u00e4nsten kan g\u00f6ra en personlig handlingsplan.<\/p>\n<p>\u2022 Vid akuta hot eller fara f\u00f6r livet, ring alltid 112.<\/p>\n<p>Visa merExpressen bes\u00f6ker Sis-boendet Rebeckahemmet, d\u00e4r n\u00e5gra av de mest v\u00e5ldsamma flickorna i landet v\u00e5rdas.<strong>L\u00c4S MER: <\/strong><a href=\"https:\/\/www.expressen.se\/nyheter\/sverige\/tjejerna-som-slass-spoade-de-stoddiga\/\" class=\"premium-link\" rel=\"nofollow noopener\" target=\"_blank\">Premium Tjejerna som sl\u00e5ss: \u201dSp\u00f6ade de st\u00f6ddiga\u201d<\/a><strong>L\u00c4S MER: <\/strong><a href=\"https:\/\/www.expressen.se\/nyheter\/sverige\/har-bor-landets-farligaste-flickor\/\" class=\"premium-link\" rel=\"nofollow noopener\" target=\"_blank\">Premium H\u00e4r bor landets farligaste flickor<\/a><\/p>\n","protected":false},"excerpt":{"rendered":"Publicerad 4 apr 2026 kl 05.00 G\u00e4ngkriminella milj\u00f6er \u00e4r mansdominerade, men tjejer fyller en viktig funktion. Lina Grip,&hellip;\n","protected":false},"author":2,"featured_media":209662,"comment_status":"","ping_status":"","sticky":false,"template":"","format":"standard","meta":{"footnotes":"","_share_on_mastodon":"0"},"categories":[12],"tags":[22,23,26,27,440,17,21,24,25,28,29,15,16,4559,18,34,154,31,33,32,30,19,668,547,652,20],"class_list":["post-209661","post","type-post","status-publish","format-standard","has-post-thumbnail","category-sverige","tag-breaking-news","tag-breakingnews","tag-featured-news","tag-featurednews","tag-function-unga","tag-headlines","tag-huvudnyheter","tag-latest-news","tag-latestnews","tag-main-news","tag-mainnews","tag-news","tag-nyheter","tag-organization-sis","tag-rubriker","tag-se","tag-sections-sverige","tag-svenska","tag-sverige","tag-sweden","tag-swedish","tag-top-stories","tag-topic-gangkriminalitet","tag-topic-karlek-relationer","tag-topic-skola-utbildning","tag-topstories"],"share_on_mastodon":{"url":"https:\/\/pubeurope.com\/@se\/116347506895454792","error":""},"_links":{"self":[{"href":"https:\/\/www.europesays.com\/se\/wp-json\/wp\/v2\/posts\/209661","targetHints":{"allow":["GET"]}}],"collection":[{"href":"https:\/\/www.europesays.com\/se\/wp-json\/wp\/v2\/posts"}],"about":[{"href":"https:\/\/www.europesays.com\/se\/wp-json\/wp\/v2\/types\/post"}],"author":[{"embeddable":true,"href":"https:\/\/www.europesays.com\/se\/wp-json\/wp\/v2\/users\/2"}],"replies":[{"embeddable":true,"href":"https:\/\/www.europesays.com\/se\/wp-json\/wp\/v2\/comments?post=209661"}],"version-history":[{"count":0,"href":"https:\/\/www.europesays.com\/se\/wp-json\/wp\/v2\/posts\/209661\/revisions"}],"wp:featuredmedia":[{"embeddable":true,"href":"https:\/\/www.europesays.com\/se\/wp-json\/wp\/v2\/media\/209662"}],"wp:attachment":[{"href":"https:\/\/www.europesays.com\/se\/wp-json\/wp\/v2\/media?parent=209661"}],"wp:term":[{"taxonomy":"category","embeddable":true,"href":"https:\/\/www.europesays.com\/se\/wp-json\/wp\/v2\/categories?post=209661"},{"taxonomy":"post_tag","embeddable":true,"href":"https:\/\/www.europesays.com\/se\/wp-json\/wp\/v2\/tags?post=209661"}],"curies":[{"name":"wp","href":"https:\/\/api.w.org\/{rel}","templated":true}]}}