{"id":20998,"date":"2025-09-03T14:25:11","date_gmt":"2025-09-03T14:25:11","guid":{"rendered":"https:\/\/www.europesays.com\/se\/20998\/"},"modified":"2025-09-03T14:25:11","modified_gmt":"2025-09-03T14:25:11","slug":"ilskan-mot-coldplay-efter-orden-till-fansen","status":"publish","type":"post","link":"https:\/\/www.europesays.com\/se\/20998\/","title":{"rendered":"Ilskan mot Coldplay efter orden till fansen"},"content":{"rendered":"<p>Publicerad 3 sep 2025 kl 16.20<\/p>\n<p>Coldplay \u00e4r i bl\u00e5sv\u00e4der.<\/p>\n<p>Frontmannen Chris Martin kritiseras f\u00f6r att ha avhumanisera judar efter orden p\u00e5 scen till tv\u00e5 israeliska fans, enligt <a href=\"https:\/\/www.dailymail.co.uk\/tvshowbiz\/article-15058433\/coldplay-chris-martin-israeli-fans-wembley-palestine.html\" rel=\"nofollow noopener\" target=\"_blank\">Daily Mail.\u00a0<\/a><\/p>\n<p>\u201dDet \u00e4r skamligt\u201d, skriver organisationen The creative community for peace p\u00e5 X.\u00a0<\/p>\n<p><img   alt=\"\"\/><\/p>\n<p>Coldplay med de tv\u00e5 israeliska fansen.<\/p>\n<p>\u00d6ppna bild i helsk\u00e4rm<img loading=\"lazy\"   alt=\"\"\/><\/p>\n<p>Chris Martin.<\/p>\n<p>Foto: BONNIE BRITAIN \/ STELLA PICTURES\/ZUMA PRESS ZUMA PRESS<\/p>\n<p>\u00d6ppna bild i helsk\u00e4rm<\/p>\n<p>\u2013 Var kommer ni ifr\u00e5n?, s\u00e4ger <a href=\"https:\/\/www.expressen.se\/tagg\/person\/chris-martin\/\" class=\"\" rel=\"nofollow noopener\" target=\"_blank\">Chris Martin<\/a> i en video fr\u00e5n konserten som nu g\u00e5r varm i sociala medier.\u00a0<\/p>\n<p>N\u00e4r fansen svarar att de kommer fr\u00e5n Israel m\u00f6ts de av publikens jubel \u2013\u00a0men ocks\u00e5 av burop.<\/p>\n<p>F\u00f6r att f\u00f6rs\u00f6ka sl\u00e4ta \u00f6ver det hela s\u00e4ger Chris Martin:\u00a0<\/p>\n<p>\u2013 Jag kommer att s\u00e4ga det h\u00e4r, jag \u00e4r v\u00e4ldigt tacksam att ni \u00e4r h\u00e4r som m\u00e4nniskor och jag kommer att behandla er som j\u00e4mlika m\u00e4nniskor p\u00e5 jorden, vart ni \u00e4n kommer ifr\u00e5n eller inte kommer ifr\u00e5n. Tack f\u00f6r att ni \u00e4r h\u00e4r. Jag \u00e4r tacksam och tack f\u00f6r att ni \u00e4r k\u00e4rleksfulla och sn\u00e4lla.<\/p>\n<p>Chris Martin forts\u00e4tter:<\/p>\n<p>\u2013 Och det \u00e4r kanske kontroversiellt men jag vill ocks\u00e5 v\u00e4lkomna alla i publiken som kommer fr\u00e5n Palestina f\u00f6r vi tror att v\u00e4rlden \u00e4r j\u00e4mst\u00e4lld.\u00a0<\/p>\n<p>Kritiken mot Chris Martin<\/p>\n<p>Chris Martins ord kritiseras nu av The creative community for peace \u2013\u00a0en organisation som arbetar mot antisemitism.\u00a0<\/p>\n<p>\u201dVarf\u00f6r beh\u00f6vde israeler bli p\u00e5minda om att de ska behandlas som m\u00e4nniskor? \u00c4r inte israeler redan m\u00e4nniskor? Det h\u00e4r \u00e4r precis den avhumanisering som judar g\u00e5ng p\u00e5 g\u00e5ng uts\u00e4tts f\u00f6r, och det \u00e4r skamligt att det utspelade sig p\u00e5 en scen som skulle st\u00e5 f\u00f6r musik och enhet\u201d, skriver de p\u00e5 X.\u00a0<\/p>\n<p>\u00c4ven The macabee task force \u2013 en organisation som vill stoppa antisemitism i skolor kritiserar Chris Martins ord.\u00a0<\/p>\n<p>\u201dIsraeler borde f\u00e5 fira sin identitet p\u00e5 scen utan att beh\u00f6va bli f\u00f6rs\u00e4krade av en k\u00e4ndis om att de \u00e4r &#8217;m\u00e4nniskor&#8217;. Det borde inte beh\u00f6va s\u00e4gas\u201d, skriver dem p\u00e5 X.\u00a0<\/p>\n<p>De avslutar inl\u00e4gget med: \u201dHa lite ryggrad, Coldplay\u201d.\u00a0<\/p>\n<p>En av de israeliska kvinnorna p\u00e5 scenen s\u00e4ger till det israeliska public servicebolaget Kan att de tvekade p\u00e5 att s\u00e4ga att de kom fr\u00e5n Israel.\u00a0<\/p>\n<p>\u2013 Under en kort stund \u00f6verv\u00e4gde vi om vi skulle s\u00e4ga att vi var fr\u00e5n Malta och sen sa vi Israel. Men vi ville inte och kunde inte ljuga. Det var lite l\u00e4skigt att s\u00e4ga vart vi kommer ifr\u00e5n inf\u00f6r 90 000 m\u00e4nniskor, s\u00e4ger hon, enligt <a href=\"https:\/\/www.thejc.com\/news\/uk\/coldplay-london-wembley-boo-israeli-women-chris-martin-hvt1b01b\" rel=\"nofollow noopener\" target=\"_blank\">The jewish chronicle<\/a>.\u00a0<\/p>\n<p><a href=\"https:\/\/x.com\/MacTaskForce\/status\/1962625537681019180\" data-provider=\"twitter\" class=\"js-social-embed\" rel=\"nofollow\">https:\/\/x.com\/MacTaskForce\/status\/1962625537681019180<\/a><\/p>\n","protected":false},"excerpt":{"rendered":"Publicerad 3 sep 2025 kl 16.20 Coldplay \u00e4r i bl\u00e5sv\u00e4der. Frontmannen Chris Martin kritiseras f\u00f6r att ha avhumanisera&hellip;\n","protected":false},"author":2,"featured_media":20999,"comment_status":"","ping_status":"","sticky":false,"template":"","format":"standard","meta":{"footnotes":""},"categories":[67],"tags":[104,58,2172,1372,1371,34,31,33,32,30,105],"class_list":{"0":"post-20998","1":"post","2":"type-post","3":"status-publish","4":"format-standard","5":"has-post-thumbnail","7":"category-underhallning","8":"tag-entertainment","9":"tag-location-israel","10":"tag-organization-x","11":"tag-person-chris-martin","12":"tag-person-coldplay","13":"tag-se","14":"tag-svenska","15":"tag-sverige","16":"tag-sweden","17":"tag-swedish","18":"tag-underhallning"},"share_on_mastodon":{"url":"","error":""},"_links":{"self":[{"href":"https:\/\/www.europesays.com\/se\/wp-json\/wp\/v2\/posts\/20998","targetHints":{"allow":["GET"]}}],"collection":[{"href":"https:\/\/www.europesays.com\/se\/wp-json\/wp\/v2\/posts"}],"about":[{"href":"https:\/\/www.europesays.com\/se\/wp-json\/wp\/v2\/types\/post"}],"author":[{"embeddable":true,"href":"https:\/\/www.europesays.com\/se\/wp-json\/wp\/v2\/users\/2"}],"replies":[{"embeddable":true,"href":"https:\/\/www.europesays.com\/se\/wp-json\/wp\/v2\/comments?post=20998"}],"version-history":[{"count":0,"href":"https:\/\/www.europesays.com\/se\/wp-json\/wp\/v2\/posts\/20998\/revisions"}],"wp:featuredmedia":[{"embeddable":true,"href":"https:\/\/www.europesays.com\/se\/wp-json\/wp\/v2\/media\/20999"}],"wp:attachment":[{"href":"https:\/\/www.europesays.com\/se\/wp-json\/wp\/v2\/media?parent=20998"}],"wp:term":[{"taxonomy":"category","embeddable":true,"href":"https:\/\/www.europesays.com\/se\/wp-json\/wp\/v2\/categories?post=20998"},{"taxonomy":"post_tag","embeddable":true,"href":"https:\/\/www.europesays.com\/se\/wp-json\/wp\/v2\/tags?post=20998"}],"curies":[{"name":"wp","href":"https:\/\/api.w.org\/{rel}","templated":true}]}}