{"id":210102,"date":"2026-04-05T08:18:13","date_gmt":"2026-04-05T08:18:13","guid":{"rendered":"https:\/\/www.europesays.com\/se\/210102\/"},"modified":"2026-04-05T08:18:13","modified_gmt":"2026-04-05T08:18:13","slug":"nicola-peltz-beckham-i-ny-pik-mot-victoria-beckham","status":"publish","type":"post","link":"https:\/\/www.europesays.com\/se\/210102\/","title":{"rendered":"Nicola Peltz-Beckham i ny pik mot Victoria Beckham"},"content":{"rendered":"<p>Publicerad 5 apr 2026 kl 10.01<\/p>\n<p>Sk\u00e5despelaren Nicola Peltz-Beckham har \u00e5terigen v\u00e4ckt uppm\u00e4rksamhet med en till synes syrlig blinkning till sv\u00e4rmor Victoria Beckham.<\/p>\n<p>Enligt <a href=\"https:\/\/www.mirror.co.uk\/3am\/celebrity-news\/brooklyn-beckhams-wife-nicola-peltz-36954630\" rel=\"nofollow noopener\" target=\"_blank\">Daily Mirror<\/a> forts\u00e4tter familjekonflikten att skapa rubriker \u2013 nu med en ny bild p\u00e5 sociala medier.<\/p>\n<p>Senaste klippen fr\u00e5n Expressen inom n\u00f6je.<img   alt=\"\"\/><\/p>\n<p>Nicola Peltz-Beckham med Cruz, Victoria och Brooklyn Beckham 2024. Sedan dess har fejden inom familjen eskalerat.<\/p>\n<p>Foto: MEGA\/IBL<\/p>\n<p>\u00d6ppna bild i helsk\u00e4rm<img loading=\"lazy\"   alt=\"\"\/><\/p>\n<p>Victoria Beckhams klassiska pose. Bild fr\u00e5n hennes Instagram.<\/p>\n<p>\u00d6ppna bild i helsk\u00e4rm<img loading=\"lazy\"   alt=\"\"\/><\/p>\n<p>Nicola Peltz-Beckham postade den h\u00e4r bilden p\u00e5 Instagram Stories.<\/p>\n<p>\u00d6ppna bild i helsk\u00e4rm<\/p>\n<p>Nicola Peltz-Beckham, gift med Brooklyn Beckham, har publicerat en bild p\u00e5 Instagram d\u00e4r hon g\u00f6r en avancerad split \u2013 n\u00e5got som enligt Daily Mirror tolkas som en pik mot sv\u00e4rmor <a href=\"https:\/\/www.expressen.se\/tagg\/person\/victoria-beckham\/\" class=\"\" rel=\"nofollow noopener\" target=\"_blank\">Victoria Beckham<\/a>.\u00a0<\/p>\n<p>Victoria, tidigare k\u00e4nd som Posh Spice, har l\u00e4nge gjort sin signaturpose med ett ben i luften, en pose som blivit popul\u00e4r bland hennes f\u00f6ljare sedan 2016.<\/p>\n<p>I den nya bilden sitter Nicola i en dubbel split, if\u00f6rd svarta gymshorts, svart tr\u00f6ja och ljusrosa balettskor. Bilden har f\u00e5tt stor uppm\u00e4rksamhet och ses av m\u00e5nga som ett s\u00e4tt att \u00f6vertr\u00e4ffa Victorias v\u00e4lk\u00e4nda pose.<\/p>\n<p>Det \u00e4r inte f\u00f6rsta g\u00e5ngen Nicola Peltz-Beckham antytt sp\u00e4nningar i familjen. Daily Mirror skriver att hon tidigare anv\u00e4nt uttryck och poser som f\u00f6rknippas med Victoria Beckham, bland annat i samband med Oscarsgalan d\u00e4r hon och Brooklyn deltog p\u00e5 ett evenemang arrangerat av Elton John. I ett inl\u00e4gg tackade Nicola v\u00e4rdarna och anv\u00e4nde frasen \u201dwe love you so much\u201d \u2013 en formulering Victoria ofta anv\u00e4nder i sina egna inl\u00e4gg.<\/p>\n<p>Fejden forts\u00e4tter skapa rubriker<\/p>\n<p>Tidningen p\u00e5minner ocks\u00e5 om att konflikten mellan Brooklyn Beckham och hans f\u00f6r\u00e4ldrar har varit omtalad. Brooklyn har tidigare anklagat sin mamma f\u00f6r att ha tagit \u00f6ver hans f\u00f6rsta dans med Nicola p\u00e5 br\u00f6llopet, n\u00e5got han beskrivit som f\u00f6r\u00f6dmjukande.<\/p>\n<p>Enligt Daily Mirror visar de senaste inl\u00e4ggen att familjefejden forts\u00e4tter att skapa rubriker och engagemang p\u00e5 sociala medier.<\/p>\n<p><a href=\"https:\/\/www.instagram.com\/p\/BDoXobLliLp\/?utm_source=ig_embed\" data-provider=\"instagram\" class=\"js-social-embed\" rel=\"nofollow noopener\" target=\"_blank\">https:\/\/www.instagram.com\/p\/BDoXobLliLp\/?utm_source=ig_embed<\/a><script async src=\"\/\/www.instagram.com\/embed.js\"><\/script><\/p>\n","protected":false},"excerpt":{"rendered":"Publicerad 5 apr 2026 kl 10.01 Sk\u00e5despelaren Nicola Peltz-Beckham har \u00e5terigen v\u00e4ckt uppm\u00e4rksamhet med en till synes syrlig&hellip;\n","protected":false},"author":2,"featured_media":210103,"comment_status":"","ping_status":"","sticky":false,"template":"","format":"standard","meta":{"footnotes":"","_share_on_mastodon":"0"},"categories":[67],"tags":[104,1034,34,31,33,32,30,310,547,105],"class_list":["post-210102","post","type-post","status-publish","format-standard","has-post-thumbnail","category-underhallning","tag-entertainment","tag-person-victoria-beckham","tag-se","tag-svenska","tag-sverige","tag-sweden","tag-swedish","tag-topic-kandisar","tag-topic-karlek-relationer","tag-underhallning"],"share_on_mastodon":{"url":"https:\/\/pubeurope.com\/@se\/116351120448872643","error":""},"_links":{"self":[{"href":"https:\/\/www.europesays.com\/se\/wp-json\/wp\/v2\/posts\/210102","targetHints":{"allow":["GET"]}}],"collection":[{"href":"https:\/\/www.europesays.com\/se\/wp-json\/wp\/v2\/posts"}],"about":[{"href":"https:\/\/www.europesays.com\/se\/wp-json\/wp\/v2\/types\/post"}],"author":[{"embeddable":true,"href":"https:\/\/www.europesays.com\/se\/wp-json\/wp\/v2\/users\/2"}],"replies":[{"embeddable":true,"href":"https:\/\/www.europesays.com\/se\/wp-json\/wp\/v2\/comments?post=210102"}],"version-history":[{"count":0,"href":"https:\/\/www.europesays.com\/se\/wp-json\/wp\/v2\/posts\/210102\/revisions"}],"wp:featuredmedia":[{"embeddable":true,"href":"https:\/\/www.europesays.com\/se\/wp-json\/wp\/v2\/media\/210103"}],"wp:attachment":[{"href":"https:\/\/www.europesays.com\/se\/wp-json\/wp\/v2\/media?parent=210102"}],"wp:term":[{"taxonomy":"category","embeddable":true,"href":"https:\/\/www.europesays.com\/se\/wp-json\/wp\/v2\/categories?post=210102"},{"taxonomy":"post_tag","embeddable":true,"href":"https:\/\/www.europesays.com\/se\/wp-json\/wp\/v2\/tags?post=210102"}],"curies":[{"name":"wp","href":"https:\/\/api.w.org\/{rel}","templated":true}]}}