{"id":210523,"date":"2026-04-05T18:44:36","date_gmt":"2026-04-05T18:44:36","guid":{"rendered":"https:\/\/www.europesays.com\/se\/210523\/"},"modified":"2026-04-05T18:44:36","modified_gmt":"2026-04-05T18:44:36","slug":"finansministrar-kraver-skatt-mot-oljebolagens-storvinster","status":"publish","type":"post","link":"https:\/\/www.europesays.com\/se\/210523\/","title":{"rendered":"Finansministrar kr\u00e4ver skatt mot oljebolagens storvinster"},"content":{"rendered":"<p>Fem finansministrar i EU vill inf\u00f6ra en skatt p\u00e5 energibolagens \u201d\u00f6vervinster\u201d, rapporterar Reuters.<\/p>\n<p>Detta som en reaktion p\u00e5 stigande br\u00e4nslepriser till f\u00f6ljd av Irankriget, enligt ett brev till EU-kommissionen. <\/p>\n<p>L\u00e4nderna som st\u00e5r bakom f\u00f6rslaget \u00e4r Tyskland, Italien, Spanien, Portugal och \u00d6sterrike. De skriver att en s\u00e5dan \u00e5tg\u00e4rd skulle visa att \u201dvi st\u00e5r enade och kan agera\u201d:<\/p>\n<p>\u201dDet skulle ocks\u00e5 skicka en tydlig signal om att de som tj\u00e4nar p\u00e5 krigets konsekvenser m\u00e5ste bidra till att l\u00e4tta b\u00f6rdan f\u00f6r allm\u00e4nheten\u201d. <\/p>\n<p>Omni \u00e4r politiskt obundna och oberoende. Vi str\u00e4var efter att ge fler perspektiv p\u00e5 nyheterna. Har du fr\u00e5gor eller synpunkter kring v\u00e5r rapportering? <a href=\"https:\/\/omni.se\/finansministrar-kraver-skatt-mot-oljebolagens-storvinster\/a\/mailto:redaktion@omni.se\" class=\"ArticleActions_contactLink__W2F1M\" rel=\"nofollow noopener\" target=\"_blank\">Kontakta redaktionen<\/a><\/p>\n","protected":false},"excerpt":{"rendered":"Fem finansministrar i EU vill inf\u00f6ra en skatt p\u00e5 energibolagens \u201d\u00f6vervinster\u201d, rapporterar Reuters. Detta som en reaktion p\u00e5&hellip;\n","protected":false},"author":2,"featured_media":210524,"comment_status":"","ping_status":"","sticky":false,"template":"","format":"standard","meta":{"footnotes":"","_share_on_mastodon":"0"},"categories":[65],"tags":[420,72,70,71,291,73,2457,1141,15842,1530,692,125,5178,689,34,691,31,33,32,30,408],"class_list":["post-210523","post","type-post","status-publish","format-standard","has-post-thumbnail","category-ekonomi","tag-asien","tag-business","tag-economy","tag-ekonomi","tag-energi-ravaror","tag-eu","tag-eu-kommissionen","tag-eu-politik","tag-geopolitik","tag-iran","tag-italien","tag-mellanosternkrisen","tag-osterrike","tag-portugal","tag-se","tag-spanien","tag-svenska","tag-sverige","tag-sweden","tag-swedish","tag-tyskland"],"share_on_mastodon":{"url":"https:\/\/pubeurope.com\/@se\/116353582093347889","error":""},"_links":{"self":[{"href":"https:\/\/www.europesays.com\/se\/wp-json\/wp\/v2\/posts\/210523","targetHints":{"allow":["GET"]}}],"collection":[{"href":"https:\/\/www.europesays.com\/se\/wp-json\/wp\/v2\/posts"}],"about":[{"href":"https:\/\/www.europesays.com\/se\/wp-json\/wp\/v2\/types\/post"}],"author":[{"embeddable":true,"href":"https:\/\/www.europesays.com\/se\/wp-json\/wp\/v2\/users\/2"}],"replies":[{"embeddable":true,"href":"https:\/\/www.europesays.com\/se\/wp-json\/wp\/v2\/comments?post=210523"}],"version-history":[{"count":0,"href":"https:\/\/www.europesays.com\/se\/wp-json\/wp\/v2\/posts\/210523\/revisions"}],"wp:featuredmedia":[{"embeddable":true,"href":"https:\/\/www.europesays.com\/se\/wp-json\/wp\/v2\/media\/210524"}],"wp:attachment":[{"href":"https:\/\/www.europesays.com\/se\/wp-json\/wp\/v2\/media?parent=210523"}],"wp:term":[{"taxonomy":"category","embeddable":true,"href":"https:\/\/www.europesays.com\/se\/wp-json\/wp\/v2\/categories?post=210523"},{"taxonomy":"post_tag","embeddable":true,"href":"https:\/\/www.europesays.com\/se\/wp-json\/wp\/v2\/tags?post=210523"}],"curies":[{"name":"wp","href":"https:\/\/api.w.org\/{rel}","templated":true}]}}