{"id":210734,"date":"2026-04-06T04:37:08","date_gmt":"2026-04-06T04:37:08","guid":{"rendered":"https:\/\/www.europesays.com\/se\/210734\/"},"modified":"2026-04-06T04:37:08","modified_gmt":"2026-04-06T04:37:08","slug":"zara-larsson-ar-cancelled-det-ar-orimligt-nojesvideo","status":"publish","type":"post","link":"https:\/\/www.europesays.com\/se\/210734\/","title":{"rendered":"Zara Larsson \u00e4r cancelled \u2013 det \u00e4r orimligt | N\u00f6jesvideo"},"content":{"rendered":"<p>Uppdaterad 6 apr 2026 kl 06.22Publicerad 6 apr 2026 kl 06.22<\/p>\n<p>\n\u201dFruit love island\u201d \u00e4r en ai-genererad realityserie \u2013 ett slags parodi p\u00e5 det popul\u00e4ra dejtingprogrammet \u201dLove island\u201d. <\/p>\n<p>Enligt Wall Street Journal n\u00e5r varje avsnitt miljontals tittare \u2013 en av dem \u00e4r Zara Larsson. <\/p>\n<p>Efter att den svenska popstj\u00e4rnan la upp en bild som avsl\u00f6jade att hon f\u00f6ljer programmet fick hon stark kritik. <\/p>\n<p>Men att rasa mot Zara Larsson \u00e4r helt fel \u2013 och kr\u00f6nik\u00f6ren Kristin S\u00f6dr\u00e9n Sj\u00f6gren g\u00e5r till hennes f\u00f6rsvar.<\/p>\n<p>Det h\u00e4r \u00e4r en videokr\u00f6nika. Till skillnad fr\u00e5n ett nyhetsklipp, som handlar om en aktuell h\u00e4ndelse, inneh\u00e5ller en videokr\u00f6nika kr\u00f6nik\u00f6rens personliga \u00e5sikt om ett \u00e4mne. <\/p>\n","protected":false},"excerpt":{"rendered":"Uppdaterad 6 apr 2026 kl 06.22Publicerad 6 apr 2026 kl 06.22 \u201dFruit love island\u201d \u00e4r en ai-genererad realityserie&hellip;\n","protected":false},"author":2,"featured_media":319,"comment_status":"","ping_status":"","sticky":false,"template":"","format":"standard","meta":{"footnotes":"","_share_on_mastodon":"0"},"categories":[67],"tags":[104,34,12493,31,33,32,30,105],"class_list":["post-210734","post","type-post","status-publish","format-standard","has-post-thumbnail","category-underhallning","tag-entertainment","tag-se","tag-sections-noje","tag-svenska","tag-sverige","tag-sweden","tag-swedish","tag-underhallning"],"share_on_mastodon":{"url":"https:\/\/pubeurope.com\/@se\/116355913652806801","error":""},"_links":{"self":[{"href":"https:\/\/www.europesays.com\/se\/wp-json\/wp\/v2\/posts\/210734","targetHints":{"allow":["GET"]}}],"collection":[{"href":"https:\/\/www.europesays.com\/se\/wp-json\/wp\/v2\/posts"}],"about":[{"href":"https:\/\/www.europesays.com\/se\/wp-json\/wp\/v2\/types\/post"}],"author":[{"embeddable":true,"href":"https:\/\/www.europesays.com\/se\/wp-json\/wp\/v2\/users\/2"}],"replies":[{"embeddable":true,"href":"https:\/\/www.europesays.com\/se\/wp-json\/wp\/v2\/comments?post=210734"}],"version-history":[{"count":0,"href":"https:\/\/www.europesays.com\/se\/wp-json\/wp\/v2\/posts\/210734\/revisions"}],"wp:featuredmedia":[{"embeddable":true,"href":"https:\/\/www.europesays.com\/se\/wp-json\/wp\/v2\/media\/319"}],"wp:attachment":[{"href":"https:\/\/www.europesays.com\/se\/wp-json\/wp\/v2\/media?parent=210734"}],"wp:term":[{"taxonomy":"category","embeddable":true,"href":"https:\/\/www.europesays.com\/se\/wp-json\/wp\/v2\/categories?post=210734"},{"taxonomy":"post_tag","embeddable":true,"href":"https:\/\/www.europesays.com\/se\/wp-json\/wp\/v2\/tags?post=210734"}],"curies":[{"name":"wp","href":"https:\/\/api.w.org\/{rel}","templated":true}]}}