{"id":210885,"date":"2026-04-06T09:44:09","date_gmt":"2026-04-06T09:44:09","guid":{"rendered":"https:\/\/www.europesays.com\/se\/210885\/"},"modified":"2026-04-06T09:44:09","modified_gmt":"2026-04-06T09:44:09","slug":"love-is-blind-fabians-nya-frisyr-efter-dumpningen-i-tv-tv-streaming","status":"publish","type":"post","link":"https:\/\/www.europesays.com\/se\/210885\/","title":{"rendered":"\u201dLove is blind\u201d-Fabians nya frisyr \u2013 efter dumpningen i tv | Tv &#038; streaming"},"content":{"rendered":"<p>Publicerad 6 apr 2026 kl 11.23<\/p>\n<p>\u201dLove is blind\u201d-deltagaren Fabian har gjort en stor f\u00f6r\u00e4ndring.\u00a0<\/p>\n<p>Nu hyllas han av sina f\u00f6ljare f\u00f6r beslutet.\u00a0<\/p>\n<p><img   alt=\"\"\/><\/p>\n<p>Fabian Pattersson, 38, hade inte g\u00e5tt till fris\u00f6ren p\u00e5 ett \u00e5r.<\/p>\n<p>Foto: Netflix<\/p>\n<p>\u00d6ppna bild i helsk\u00e4rm<\/p>\n<p>I nya s\u00e4songen av \u201dLove is blind: Sverige\u201d finner flera par k\u00e4rleken inne i kapslarna. Men v\u00e4l utanf\u00f6r var det inte alla som m\u00f6ttes av k\u00e4rlek.\u00a0<\/p>\n<p>En av de mest omtalade h\u00e4ndelserna i <a href=\"https:\/\/www.expressen.se\/tagg\/organization\/netflix\/\" class=\"\" rel=\"nofollow noopener\" target=\"_blank\">Netflix<\/a>-succ\u00e9n var n\u00e4r k\u00e4rleksparet Fabian Pattersson, 38, och Ellen O\u2019Reilly, 29, s\u00e5gs f\u00f6r f\u00f6rsta g\u00e5ngen \u2013 och Ellen valde att l\u00e4mna Fabian direkt \u2013 samtidigt som han stod p\u00e5 kn\u00e4 och friade.\u00a0<\/p>\n<p>Fabian har efter h\u00e4ndelsen m\u00f6tts av stor sympati av tittarna och p\u00e5 hans sociala medier f\u00e5r man forts\u00e4tta f\u00f6lja hans v\u00e4g i livet.\u00a0<\/p>\n<p>Och p\u00e5 senaste har han gjort en st\u00f6rre f\u00f6r\u00e4ndring.\u00a0<\/p>\n<p><img loading=\"lazy\"   alt=\"\"\/> <\/p>\n<p>Foto: Netflix<\/p>\n<p>\u00d6ppna bild i helsk\u00e4rm<\/p>\n<p>Efter att inte klippt sig p\u00e5 ett \u00e5r \u00e4r det l\u00e5nga svallet numera ett minne blott.\u00a0<\/p>\n<p>Fabian har lagt upp bilder fr\u00e5n fris\u00f6rbes\u00f6ket p\u00e5 sin Instagram med b\u00e5de f\u00f6re och efterbilder. Fr\u00e5n ett h\u00e5r som gick nedanf\u00f6r axlarna har han nu en frisyr som slutar vid k\u00e4klinjen. H\u00e5ret har blivit lite m\u00f6rkare och lockarna definierade.\u00a0<\/p>\n<p>Fabian sj\u00e4lv verkar v\u00e4ldigt n\u00f6jd med sin nya frisyr och \u00e4ven hans f\u00f6ljare hyllar f\u00f6r\u00e4ndringen, men glada tillrop i kommentarsf\u00e4ltet.\u00a0<\/p>\n<p><a href=\"http:\/\/instagram.com\/p\/DWw34bdjsEX\/?igsh=MXAyM3F6cTRnbzN0ag%3D%3D\" data-provider=\"instagram\" class=\"js-social-embed\" rel=\"nofollow noopener\" target=\"_blank\">http:\/\/instagram.com\/p\/DWw34bdjsEX\/?igsh=MXAyM3F6cTRnbzN0ag%3D%3D<\/a><script async src=\"\/\/www.instagram.com\/embed.js\"><\/script><\/p>\n","protected":false},"excerpt":{"rendered":"Publicerad 6 apr 2026 kl 11.23 \u201dLove is blind\u201d-deltagaren Fabian har gjort en stor f\u00f6r\u00e4ndring.\u00a0 Nu hyllas han&hellip;\n","protected":false},"author":2,"featured_media":210886,"comment_status":"","ping_status":"","sticky":false,"template":"","format":"standard","meta":{"footnotes":"","_share_on_mastodon":"0"},"categories":[67],"tags":[104,1839,34,645,31,33,32,30,547,105],"class_list":["post-210885","post","type-post","status-publish","format-standard","has-post-thumbnail","category-underhallning","tag-entertainment","tag-organization-netflix","tag-se","tag-sections-tv","tag-svenska","tag-sverige","tag-sweden","tag-swedish","tag-topic-karlek-relationer","tag-underhallning"],"share_on_mastodon":{"url":"https:\/\/pubeurope.com\/@se\/116357121021033135","error":""},"_links":{"self":[{"href":"https:\/\/www.europesays.com\/se\/wp-json\/wp\/v2\/posts\/210885","targetHints":{"allow":["GET"]}}],"collection":[{"href":"https:\/\/www.europesays.com\/se\/wp-json\/wp\/v2\/posts"}],"about":[{"href":"https:\/\/www.europesays.com\/se\/wp-json\/wp\/v2\/types\/post"}],"author":[{"embeddable":true,"href":"https:\/\/www.europesays.com\/se\/wp-json\/wp\/v2\/users\/2"}],"replies":[{"embeddable":true,"href":"https:\/\/www.europesays.com\/se\/wp-json\/wp\/v2\/comments?post=210885"}],"version-history":[{"count":0,"href":"https:\/\/www.europesays.com\/se\/wp-json\/wp\/v2\/posts\/210885\/revisions"}],"wp:featuredmedia":[{"embeddable":true,"href":"https:\/\/www.europesays.com\/se\/wp-json\/wp\/v2\/media\/210886"}],"wp:attachment":[{"href":"https:\/\/www.europesays.com\/se\/wp-json\/wp\/v2\/media?parent=210885"}],"wp:term":[{"taxonomy":"category","embeddable":true,"href":"https:\/\/www.europesays.com\/se\/wp-json\/wp\/v2\/categories?post=210885"},{"taxonomy":"post_tag","embeddable":true,"href":"https:\/\/www.europesays.com\/se\/wp-json\/wp\/v2\/tags?post=210885"}],"curies":[{"name":"wp","href":"https:\/\/api.w.org\/{rel}","templated":true}]}}