{"id":21106,"date":"2025-09-03T16:54:34","date_gmt":"2025-09-03T16:54:34","guid":{"rendered":"https:\/\/www.europesays.com\/se\/21106\/"},"modified":"2025-09-03T16:54:34","modified_gmt":"2025-09-03T16:54:34","slug":"sa-bra-ar-varan-pojke-av-mikael-yvesand-las-recensionen","status":"publish","type":"post","link":"https:\/\/www.europesays.com\/se\/21106\/","title":{"rendered":"Sa bra \u00e4r \u201dV\u00e5ran pojke\u201d av Mikael Yvesand \u2022\u00a0L\u00e4s recensionen"},"content":{"rendered":"<p>Publicerad 3 sep 2025 kl 06.00Uppdaterad kl 14.03<\/p>\n<p>Mikael Yvesand g\u00e5r vidare efter debuten \u201dH\u00e4ng city\u201d.<\/p>\n<p>Victor Malm finner en tidigare ober\u00e4ttad gestalt i \u201dV\u00e5ran pojke\u201d.<\/p>\n<p><img loading=\"lazy\"   alt=\"\"\/><\/p>\n<p>Mikael Yvesand debuterade med \u201dH\u00e4ng city\u201d. Nu kommer hans andra roman, \u201dV\u00e5ran pojke\u201d.<\/p>\n<p>Foto: Viktor G\u00e5rds\u00e4ter \/ Polaris Bokf\u00f6rlag<\/p>\n<p>\u00d6ppna bild i helsk\u00e4rm<img loading=\"lazy\"   alt=\"\"\/><\/p>\n<p>Victor Malm \u00e4r kulturchef p\u00e5 Expressen.<\/p>\n<p>Foto: OLLE SPORRONG<\/p>\n<p>\u00d6ppna bild i helsk\u00e4rm<\/p>\n<p><strong>RECENSION. Mikael Yvesands <\/strong>\u201dV\u00e5ran pojke\u201d \u00e4r en f\u00f6rbluffande ambiti\u00f6s och anspr\u00e5ksfull andraroman, som jag \u00e4r s\u00e4ker p\u00e5 kommer bli lika folkligt l\u00e4st som hans fina debutroman \u201dH\u00e4ng city\u201d, som var ett slags pojkbok f\u00f6r m\u00e4n som saknar barndomen. M\u00f6jligen kan man s\u00e4ga n\u00e5got liknande om \u201dV\u00e5ran pojke\u201d. Yvesand har n\u00e4mligen tagit debutens styrka \u2013 de kraftfulla, precisa \u00e5tergivningarna av pojkbarndomen p\u00e5 1990-talet, som skurna fr\u00e5n minnen jag gl\u00f6mt \u2013 och komponerat en tragedi.\u00a0<\/p>\n<p><img loading=\"lazy\"   alt=\"\"\/> <\/p>\n<p>Foto: Polaris<\/p>\n<p>\u00d6ppna bild i helsk\u00e4rm<\/p>\n<p>Den handlar om en Johan och hans, egentligen, ganska vanliga uppv\u00e4xt n\u00e5gonstans i norra Sverige: flytten till ett nytt bostadsomr\u00e5de, f\u00f6rsta m\u00f6tet med nya kompisar, dynamiken dem emellan, v\u00e4gen genom barndomen, storebror, hyrfilmerna, och sedan v\u00e4gen ut i livet \u2013 gymnasiet samt allt d\u00e4refter.\u00a0<\/p>\n<p>Tragedin uppst\u00e5r eftersom Johan inte \u00e4r s\u00e4rskilt vanlig. Han framst\u00e4lls dock hela tiden med en imponerande m\u00e5ngtydighet. Yvesand delar inte tidens f\u00e4bless f\u00f6r att d\u00f6pa m\u00e4nniskor i diagnosernas dopfunt. Johan \u00e4r konstig. Off. Annorlunda. Kanske lite dum; en \u00e5sk\u00e5dare till sitt eget liv, ett slags passagerare som utan vilja \u00e4r p\u00e5 v\u00e4g genom ett liv befriat fr\u00e5n mening och inneh\u00e5ll. Ber\u00f6vad agens \u2013 f\u00f6rutom en eftermiddag p\u00e5 gymnasiet, n\u00e4r han i ett slags stilla protest mot sin egen intighet tar en kniv till skolan och hugger ihj\u00e4l en sex\u00e5rig pojke och en \u00e4ldre flicka som r\u00e5kar g\u00e5 f\u00f6rbi.\u00a0<\/p>\n<p>Det \u00e4r en scen s\u00e5 grym att den n\u00e4stan inte g\u00e5r att l\u00e4sa. Ber\u00e4ttelsens gr\u00e5a nollpunktsl\u00e4ge g\u00f6r explosionen av v\u00e5ld till ett slags v\u00e5ld, man m\u00e5r illa, och det blir bara v\u00e4rre n\u00e4r v\u00e5ldet visar sig betydelsel\u00f6st. Johan kommer undan, och kryper djupare ner i m\u00f6rkret. Han blir ingen.\u00a0<\/p>\n<p>Gestalten \u00e4r trov\u00e4rdigare, vanligare \u00e4n man vill t\u00e4nka p\u00e5: mannen i tjugo\u00e5rs\u00e5ldern som arbetar med n\u00e5gonting, kommer hem till en l\u00e4genhet, s\u00e4tter sig framf\u00f6r datorn, \u00e4ter frysr\u00e4tter och dricker billig l\u00e4sk. Hittills har han varit ober\u00e4ttad. Yvesand tecknar honom med gener\u00f6s humanism, lika vidsynt som skarp i sina iakttagelser.\u00a0<\/p>\n<blockquote><p>Lyckligtvis upptar denna bit ganska lite yta.<\/p><\/blockquote>\n<p>Dessv\u00e4rre svajar ber\u00e4ttarstrukturen. Johan \u00e4r sj\u00e4lv den som f\u00f6r ordet \u2013 i imperfekt, och Yvesand till\u00e5ter ber\u00e4ttar-Johan en intelligens och sj\u00e4lvinsikt som den gestaltade figuren k\u00e4nns of\u00f6rm\u00f6gen att uttrycka. F\u00f6rfattaren r\u00e5kar buktala sin figur. Eftergifter till det utstuderat litter\u00e4ra m\u00e5ste inte vara avg\u00f6rande problem och romanen lider egentligen inte stort av dem. Men ber\u00e4ttarr\u00f6stens pl\u00f6tsliga klokheter gnager lite grann p\u00e5 ber\u00e4ttelsens trov\u00e4rdighet.<\/p>\n<p>Mer bekymmer har jag med romanens bihistoria, en absurd science fiction-ber\u00e4ttelse om en kvinna som uppt\u00e4cker ett m\u00e4rkligt konspirationsmord och vars pojkv\u00e4n b\u00f6rjar \u00e5ldras bakl\u00e4nges. Lyckligtvis upptar denna bit ganska lite yta. M\u00f6jligen \u00e4r det problemet \u2013 att den f\u00f6rblir antydd, en skiss \u2013 men jag tror inte det. Det absurda \u00e4r b\u00e5de forcerat och generiskt. Och st\u00f6r romanens suggestionskraft. Det totala j\u00e4vla m\u00f6rkret. \u201dV\u00e5ran pojke\u201d \u00e4r inte en perfekt bok \u2013 vad \u00e4r det? \u2013 men ber\u00e4ttelser som den om Johan kan bara skrivas av ovanliga beg\u00e5vningar.\u00a0<\/p>\n<p>ROMAN<\/p>\n<p>MIKAEL YVESAND<\/p>\n<p>V\u00e5ran pojke<\/p>\n<p>Polaris, 224 s.<\/p>\n<p>Visa mer<\/p>\n<p>Victor Malm \u00e4r kulturchef p\u00e5 Expressen.\u00a0<\/p>\n","protected":false},"excerpt":{"rendered":"Publicerad 3 sep 2025 kl 06.00Uppdaterad kl 14.03 Mikael Yvesand g\u00e5r vidare efter debuten \u201dH\u00e4ng city\u201d. Victor Malm&hellip;\n","protected":false},"author":2,"featured_media":21107,"comment_status":"","ping_status":"","sticky":false,"template":"","format":"standard","meta":{"footnotes":""},"categories":[5],"tags":[22,23,26,27,17,21,24,25,28,29,15,16,18,34,438,31,33,32,30,19,1515,20],"class_list":{"0":"post-21106","1":"post","2":"type-post","3":"status-publish","4":"format-standard","5":"has-post-thumbnail","7":"category-rubriker","8":"tag-breaking-news","9":"tag-breakingnews","10":"tag-featured-news","11":"tag-featurednews","12":"tag-headlines","13":"tag-huvudnyheter","14":"tag-latest-news","15":"tag-latestnews","16":"tag-main-news","17":"tag-mainnews","18":"tag-news","19":"tag-nyheter","20":"tag-rubriker","21":"tag-se","22":"tag-sections-bocker","23":"tag-svenska","24":"tag-sverige","25":"tag-sweden","26":"tag-swedish","27":"tag-top-stories","28":"tag-topic-bokrecensioner","29":"tag-topstories"},"share_on_mastodon":{"url":"","error":""},"_links":{"self":[{"href":"https:\/\/www.europesays.com\/se\/wp-json\/wp\/v2\/posts\/21106","targetHints":{"allow":["GET"]}}],"collection":[{"href":"https:\/\/www.europesays.com\/se\/wp-json\/wp\/v2\/posts"}],"about":[{"href":"https:\/\/www.europesays.com\/se\/wp-json\/wp\/v2\/types\/post"}],"author":[{"embeddable":true,"href":"https:\/\/www.europesays.com\/se\/wp-json\/wp\/v2\/users\/2"}],"replies":[{"embeddable":true,"href":"https:\/\/www.europesays.com\/se\/wp-json\/wp\/v2\/comments?post=21106"}],"version-history":[{"count":0,"href":"https:\/\/www.europesays.com\/se\/wp-json\/wp\/v2\/posts\/21106\/revisions"}],"wp:featuredmedia":[{"embeddable":true,"href":"https:\/\/www.europesays.com\/se\/wp-json\/wp\/v2\/media\/21107"}],"wp:attachment":[{"href":"https:\/\/www.europesays.com\/se\/wp-json\/wp\/v2\/media?parent=21106"}],"wp:term":[{"taxonomy":"category","embeddable":true,"href":"https:\/\/www.europesays.com\/se\/wp-json\/wp\/v2\/categories?post=21106"},{"taxonomy":"post_tag","embeddable":true,"href":"https:\/\/www.europesays.com\/se\/wp-json\/wp\/v2\/tags?post=21106"}],"curies":[{"name":"wp","href":"https:\/\/api.w.org\/{rel}","templated":true}]}}