{"id":21120,"date":"2025-09-03T17:34:33","date_gmt":"2025-09-03T17:34:33","guid":{"rendered":"https:\/\/www.europesays.com\/se\/21120\/"},"modified":"2025-09-03T17:34:33","modified_gmt":"2025-09-03T17:34:33","slug":"radiohead-aterforenas-under-europaturne","status":"publish","type":"post","link":"https:\/\/www.europesays.com\/se\/21120\/","title":{"rendered":"Radiohead \u00e5terf\u00f6renas under Europaturn\u00e9"},"content":{"rendered":"<p>Radiohead \u00e5terf\u00f6renas och ska under vintern g\u00f6ra 20 spelningar runtom i Europa. Det meddelar det brittiska rockbandet i ett inl\u00e4gg p\u00e5 Instagram. <\/p>\n<p>De skriver att de f\u00f6rra \u00e5ret samlades f\u00f6r att repa f\u00f6r skojs skull och att det d\u00e5 var f\u00f6rsta g\u00e5ngen p\u00e5 sju \u00e5r de spelade tillsammans. <\/p>\n<p>\u201dDet fick oss att vilja spela n\u00e5gra konserter tillsammans, s\u00e5 vi hoppas att du kan komma till n\u00e5got av de kommande datumen.\u201d<\/p>\n<p>De till\u00e4gger att de 20 konserterna, som h\u00e5lls i Madrid, Bologna, London, K\u00f6penhamn och Berlin i november och december just nu \u00e4r de enda inplanerade. <\/p>\n<p> \u201dMen vem vet vad det h\u00e4r kommer leda till?\u201d, avslutar de. <\/p>\n<p>Omni \u00e4r politiskt obundna och oberoende. Vi str\u00e4var efter att ge fler perspektiv p\u00e5 nyheterna. Har du fr\u00e5gor eller synpunkter kring v\u00e5r rapportering? <a href=\"https:\/\/omni.se\/radiohead-aterforenas-under-europaturne\/a\/mailto:redaktion@omni.se\" class=\"ArticleActions_contactLink__W2F1M\" rel=\"nofollow noopener\" target=\"_blank\">Kontakta redaktionen<\/a><\/p>\n","protected":false},"excerpt":{"rendered":"Radiohead \u00e5terf\u00f6renas och ska under vintern g\u00f6ra 20 spelningar runtom i Europa. Det meddelar det brittiska rockbandet i&hellip;\n","protected":false},"author":2,"featured_media":21121,"comment_status":"","ping_status":"","sticky":false,"template":"","format":"standard","meta":{"footnotes":""},"categories":[5],"tags":[22,23,26,27,17,21,24,25,28,29,172,15,16,2588,18,34,31,33,32,30,19,20],"class_list":{"0":"post-21120","1":"post","2":"type-post","3":"status-publish","4":"format-standard","5":"has-post-thumbnail","7":"category-rubriker","8":"tag-breaking-news","9":"tag-breakingnews","10":"tag-featured-news","11":"tag-featurednews","12":"tag-headlines","13":"tag-huvudnyheter","14":"tag-latest-news","15":"tag-latestnews","16":"tag-main-news","17":"tag-mainnews","18":"tag-musik","19":"tag-news","20":"tag-nyheter","21":"tag-radiohead","22":"tag-rubriker","23":"tag-se","24":"tag-svenska","25":"tag-sverige","26":"tag-sweden","27":"tag-swedish","28":"tag-top-stories","29":"tag-topstories"},"share_on_mastodon":{"url":"","error":""},"_links":{"self":[{"href":"https:\/\/www.europesays.com\/se\/wp-json\/wp\/v2\/posts\/21120","targetHints":{"allow":["GET"]}}],"collection":[{"href":"https:\/\/www.europesays.com\/se\/wp-json\/wp\/v2\/posts"}],"about":[{"href":"https:\/\/www.europesays.com\/se\/wp-json\/wp\/v2\/types\/post"}],"author":[{"embeddable":true,"href":"https:\/\/www.europesays.com\/se\/wp-json\/wp\/v2\/users\/2"}],"replies":[{"embeddable":true,"href":"https:\/\/www.europesays.com\/se\/wp-json\/wp\/v2\/comments?post=21120"}],"version-history":[{"count":0,"href":"https:\/\/www.europesays.com\/se\/wp-json\/wp\/v2\/posts\/21120\/revisions"}],"wp:featuredmedia":[{"embeddable":true,"href":"https:\/\/www.europesays.com\/se\/wp-json\/wp\/v2\/media\/21121"}],"wp:attachment":[{"href":"https:\/\/www.europesays.com\/se\/wp-json\/wp\/v2\/media?parent=21120"}],"wp:term":[{"taxonomy":"category","embeddable":true,"href":"https:\/\/www.europesays.com\/se\/wp-json\/wp\/v2\/categories?post=21120"},{"taxonomy":"post_tag","embeddable":true,"href":"https:\/\/www.europesays.com\/se\/wp-json\/wp\/v2\/tags?post=21120"}],"curies":[{"name":"wp","href":"https:\/\/api.w.org\/{rel}","templated":true}]}}