{"id":21204,"date":"2025-09-03T19:00:16","date_gmt":"2025-09-03T19:00:16","guid":{"rendered":"https:\/\/www.europesays.com\/se\/21204\/"},"modified":"2025-09-03T19:00:16","modified_gmt":"2025-09-03T19:00:16","slug":"polisen-om-dubbelmordet-i-lunden-i-goteborg","status":"publish","type":"post","link":"https:\/\/www.europesays.com\/se\/21204\/","title":{"rendered":"Polisen om dubbelmordet i Lunden i G\u00f6teborg"},"content":{"rendered":"<p>Publicerad 3 sep 2025 kl 07.58Uppdaterad kl 13.32<\/p>\n<p>De tv\u00e5 m\u00e4n som antr\u00e4ffades skjutna i en bil i Lunden i G\u00f6teborg tros ha koppling till den p\u00e5g\u00e5ende konflikten i Biskopsg\u00e5rden.\u00a0<\/p>\n<p>\u2013 Med tanke p\u00e5 deras bakgrund riktar vi v\u00e5r arbetshypotes \u00e5t det h\u00e5llet, s\u00e4ger lokalpolisomr\u00e5deschef Johan Sj\u00f6strand.<\/p>\n<p>Enligt uppgifter till Expressen sk\u00f6ts m\u00e4nnen i bakhuvudet fr\u00e5n bilens baks\u00e4te.\u00a0<\/p>\n<p><img   alt=\"\"\/><\/p>\n<p>Ingen har gripits efter dubbelmordet i Lunden i G\u00f6teborg i g\u00e5r.<\/p>\n<p>Foto: Bj\u00f6rn Larsson Rosvall\/TT \/ TT NYHETSBYR\u00c5N<\/p>\n<p>\u00d6ppna bild i helsk\u00e4rm<\/p>\n<p>Larmet kom till SOS Alarm vid 17.40 p\u00e5 tisdagseftermiddagen. Tv\u00e5 m\u00e4n hade hittats livl\u00f6sa i en bil. N\u00e4r polisen kom till platsen kunde de konstatera att m\u00e4nnen skjutits ihj\u00e4l. \u00a0<\/p>\n<p>M\u00e4nnen \u00e4r i 30-\u00e5rs\u00e5ldern och k\u00e4nda av polisen sedan tidigare.\u00a0<\/p>\n<p>Polisen bed\u00f6mer att de m\u00f6rdade m\u00e4nnen har kopplingar till den p\u00e5g\u00e5ende g\u00e4ngkonflikten i Biskopsg\u00e5rden och att skjutningen \u00e4r kopplad till konflikten.\u00a0<\/p>\n<p>\u2013 Vi har under l\u00e5ng tid haft ett anstr\u00e4ngt konfliktl\u00e4ge i delar av Norra och S\u00f6dra Biskopsg\u00e5rden och vi ser att det h\u00e4r mordet \u00e4r ett tragiskt resultat av den h\u00e4r konflikten, s\u00e4ger lokalpolisomr\u00e5deschef Johan Sj\u00f6strand.\u00a0<\/p>\n<p>\u2013 Med tanke p\u00e5 deras bakgrund riktar vi v\u00e5ran arbetshypotes \u00e5t det h\u00e5llet. Men vi unders\u00f6ker naturligtvis andra t\u00e4nkbara motiv och andra infallsvinklar, forts\u00e4tter han.\u00a0<\/p>\n<p><img loading=\"lazy\"   alt=\"\"\/><\/p>\n<p>Johan Sj\u00f6strand.<\/p>\n<p>Foto: TT NYHETSBYR\u00c5N<\/p>\n<p>\u00d6ppna bild i helsk\u00e4rm<\/p>\n<p>Det \u00e4r oklart hur l\u00e5ng tid som gick mellan dubbelmordet och larmet. Polisen fick aldrig n\u00e5got larm om skottlossning.<\/p>\n<p>\u2013 Det finns inga uppgifter p\u00e5 att man h\u00f6rt skott, sm\u00e4llar, explosioner eller liknande. Vad det kan betyda kan vara flera saker och eftersom vi befinner oss mitt i ett utredningsl\u00e4ge vill jag inte prata f\u00f6r mycket om detaljer, s\u00e4ger Johan Sj\u00f6strand.\u00a0<\/p>\n<p>Enligt uppgifter till Expressen sk\u00f6ts m\u00e4nnen i bakhuvudet, n\u00e5gonting polisen inte vill kommentera.\u00a0<\/p>\n<p>Polisen har anv\u00e4nt b\u00e5de dr\u00f6nare och helikopter i insatsen men \u00e4n \u00e4r ingen gripen.\u00a0<\/p>\n<p>Polisen bed\u00f6mer utredningsl\u00e4get som gott.\u00a0<\/p>\n<p>\u2013 Hela region V\u00e4st kraftsamlar f\u00f6r att n\u00e5 i m\u00e5l med den h\u00e4r f\u00f6runders\u00f6kningen, det h\u00e4r \u00e4r ett oerh\u00f6rt viktigt \u00e4rende f\u00f6r oss som vi verkligen satsar p\u00e5, s\u00e4ger Johan Sj\u00f6strand.\u00a0<\/p>\n<p>Hittades i en hyrbil<\/p>\n<p>De tv\u00e5 m\u00e4nnen hittades i en hyrbil vid ett parkeringshus. En av dem ska enligt uppgifter till <a href=\"https:\/\/www.expressen.se\/tagg\/location\/goteborg\/\" class=\"\" rel=\"nofollow noopener\" target=\"_blank\">G\u00f6teborgs<\/a>-Posten ha hyrt bilen.<\/p>\n<p>Polisen kan just nu inte s\u00e4ga hur l\u00e4nge de tv\u00e5 m\u00e4nnen legat i bilen innan de uppt\u00e4cktes.<\/p>\n<p>\u2013 Det kan jag inte svara p\u00e5, s\u00e4ger Adam Isaksson Samara, presstalesperson polisregion V\u00e4st.\u00a0<\/p>\n<p>Oro bland boende och idrottsf\u00f6reningar<\/p>\n<p>D\u00e5det intr\u00e4ffade i n\u00e4rheten av \u00d6ver\u00e5svallen, d\u00e4r omkring 150 barn hade fotbollstr\u00e4ning vid tidpunkten polis larmades.\u00a0<\/p>\n<p>Stefan G\u00f6thberg, ordf\u00f6rande f\u00f6r Lunden \u00d6ver\u00e5s BK, ber\u00e4ttade p\u00e5 tisdagen att m\u00e5nga i omr\u00e5det var sk\u00e4rrade.<\/p>\n<p>\u2013 Vi har haft problem med folk som f\u00f6rs\u00f6kt rekrytera ungdomar tidigare, men det har blivit b\u00e4ttre efter att polisen \u00f6kat sin n\u00e4rvaro, sa han.<\/p>\n<p>M\u00e4nnen hade vad Johan Sj\u00f6strand vet ingen direkt koppling till omr\u00e5det d\u00e4r de hittades.\u00a0<\/p>\n<p>\u2013 Inte vad som \u00e4r k\u00e4nt f\u00f6r mig. Det \u00e4r ett omr\u00e5de som vi allm\u00e4nt betecknar som lugnt och inte definitivt inte mer brottsutsatt \u00e4n n\u00e5got annat omr\u00e5de i G\u00f6teborgsdelarna. \u00a0<\/p>\n<p><strong>L\u00c4S MER: <\/strong><a href=\"https:\/\/www.expressen.se\/nyheter\/krim\/tva-skjutna-i-goteborg\/\" class=\"\" rel=\"nofollow noopener\" target=\"_blank\">Tv\u00e5 ihj\u00e4lskjutna i bil i G\u00f6teborg<\/a><\/p>\n","protected":false},"excerpt":{"rendered":"Publicerad 3 sep 2025 kl 07.58Uppdaterad kl 13.32 De tv\u00e5 m\u00e4n som antr\u00e4ffades skjutna i en bil i&hellip;\n","protected":false},"author":2,"featured_media":21205,"comment_status":"","ping_status":"","sticky":false,"template":"","format":"standard","meta":{"footnotes":""},"categories":[5],"tags":[22,23,26,27,17,21,24,25,239,28,29,15,16,18,34,666,31,33,32,30,19,436,20],"class_list":{"0":"post-21204","1":"post","2":"type-post","3":"status-publish","4":"format-standard","5":"has-post-thumbnail","7":"category-rubriker","8":"tag-breaking-news","9":"tag-breakingnews","10":"tag-featured-news","11":"tag-featurednews","12":"tag-headlines","13":"tag-huvudnyheter","14":"tag-latest-news","15":"tag-latestnews","16":"tag-location-goteborg","17":"tag-main-news","18":"tag-mainnews","19":"tag-news","20":"tag-nyheter","21":"tag-rubriker","22":"tag-se","23":"tag-sections-krim","24":"tag-svenska","25":"tag-sverige","26":"tag-sweden","27":"tag-swedish","28":"tag-top-stories","29":"tag-topic-valdsbrott-mord","30":"tag-topstories"},"share_on_mastodon":{"url":"","error":""},"_links":{"self":[{"href":"https:\/\/www.europesays.com\/se\/wp-json\/wp\/v2\/posts\/21204","targetHints":{"allow":["GET"]}}],"collection":[{"href":"https:\/\/www.europesays.com\/se\/wp-json\/wp\/v2\/posts"}],"about":[{"href":"https:\/\/www.europesays.com\/se\/wp-json\/wp\/v2\/types\/post"}],"author":[{"embeddable":true,"href":"https:\/\/www.europesays.com\/se\/wp-json\/wp\/v2\/users\/2"}],"replies":[{"embeddable":true,"href":"https:\/\/www.europesays.com\/se\/wp-json\/wp\/v2\/comments?post=21204"}],"version-history":[{"count":0,"href":"https:\/\/www.europesays.com\/se\/wp-json\/wp\/v2\/posts\/21204\/revisions"}],"wp:featuredmedia":[{"embeddable":true,"href":"https:\/\/www.europesays.com\/se\/wp-json\/wp\/v2\/media\/21205"}],"wp:attachment":[{"href":"https:\/\/www.europesays.com\/se\/wp-json\/wp\/v2\/media?parent=21204"}],"wp:term":[{"taxonomy":"category","embeddable":true,"href":"https:\/\/www.europesays.com\/se\/wp-json\/wp\/v2\/categories?post=21204"},{"taxonomy":"post_tag","embeddable":true,"href":"https:\/\/www.europesays.com\/se\/wp-json\/wp\/v2\/tags?post=21204"}],"curies":[{"name":"wp","href":"https:\/\/api.w.org\/{rel}","templated":true}]}}